{"id":851,"date":"2019-03-20T05:39:18","date_gmt":"2019-03-20T04:39:18","guid":{"rendered":"http:\/\/agora.xtec.cat\/ceip-escola-montsant-reus\/?p=851"},"modified":"2019-04-08T05:53:30","modified_gmt":"2019-04-08T03:53:30","slug":"mostra-de-teatre","status":"publish","type":"post","link":"https:\/\/agora.xtec.cat\/ceip-escola-montsant-reus\/portada\/mostra-de-teatre\/","title":{"rendered":"Mostra de Teatre 19"},"content":{"rendered":"<p>El dimarts 19\u00a0 5\u00e8 Garb\u00ed va actuar a la Mostra de Teatre del Baix Camp. Tota la prim\u00e0ria vam poder gaudir, al teatre de l&#8217;escola Mare Molas, de l&#8217;obra &#8220;Show televisiu&#8221;, un passeig per la hist\u00f2ria de la televisi\u00f3. A la tarda, vam fer la representaci\u00f3 per les fam\u00edlies. S\u00f3n un equip d&#8217;artistes!<\/p>\n<p>En aquest enlla\u00e7 trobareu algunes fotografies:<\/p>\n<p><a href=\"https:\/\/photos.app.goo.gl\/kNzhduLKCasMNCFA9\">https:\/\/photos.app.goo.gl\/kNzhduLKCasMNCFA9<\/a><\/p>\n<p><a href=\"https:\/\/agora.xtec.cat\/ceip-escola-montsant-reus\/wp-content\/uploads\/usu1887\/2019\/04\/54277920_2803411999884483_5102302181348868096_n.jpg\"><img loading=\"lazy\" decoding=\"async\" class=\"alignnone size-full wp-image-852\" src=\"https:\/\/agora.xtec.cat\/ceip-escola-montsant-reus\/wp-content\/uploads\/usu1887\/2019\/04\/54277920_2803411999884483_5102302181348868096_n.jpg\" alt=\"\" width=\"960\" height=\"960\" srcset=\"https:\/\/agora.xtec.cat\/ceip-escola-montsant-reus\/wp-content\/uploads\/usu1887\/2019\/04\/54277920_2803411999884483_5102302181348868096_n.jpg 960w, https:\/\/agora.xtec.cat\/ceip-escola-montsant-reus\/wp-content\/uploads\/usu1887\/2019\/04\/54277920_2803411999884483_5102302181348868096_n-150x150.jpg 150w, https:\/\/agora.xtec.cat\/ceip-escola-montsant-reus\/wp-content\/uploads\/usu1887\/2019\/04\/54277920_2803411999884483_5102302181348868096_n-300x300.jpg 300w, https:\/\/agora.xtec.cat\/ceip-escola-montsant-reus\/wp-content\/uploads\/usu1887\/2019\/04\/54277920_2803411999884483_5102302181348868096_n-768x768.jpg 768w\" sizes=\"auto, (max-width: 960px) 100vw, 960px\" \/><\/a><\/p>\n","protected":false},"excerpt":{"rendered":"<p>El dimarts 19\u00a0 5\u00e8 Garb\u00ed va actuar a la Mostra de Teatre del Baix Camp. Tota la prim\u00e0ria vam poder gaudir, al teatre de l&#8217;escola Mare Molas, de l&#8217;obra &#8220;Show televisiu&#8221;, un passeig per la hist\u00f2ria de la televisi\u00f3. A la tarda, vam fer la&hellip;  <a href=\"https:\/\/agora.xtec.cat\/ceip-escola-montsant-reus\/portada\/mostra-de-teatre\/\" title=\"Read Mostra de Teatre 19\">Llegeix m\u00e9s\u00bb<\/a><\/p>\n","protected":false},"author":1,"featured_media":852,"comment_status":"open","ping_status":"closed","sticky":false,"template":"","format":"standard","meta":{"_bbp_topic_count":0,"_bbp_reply_count":0,"_bbp_total_topic_count":0,"_bbp_total_reply_count":0,"_bbp_voice_count":0,"_bbp_anonymous_reply_count":0,"_bbp_topic_count_hidden":0,"_bbp_reply_count_hidden":0,"_bbp_forum_subforum_count":0,"footnotes":""},"categories":[59,4],"tags":[],"class_list":["post-851","post","type-post","status-publish","format-standard","has-post-thumbnail","hentry","category-escola","category-portada"],"post_mailing_queue_ids":[],"_links":{"self":[{"href":"https:\/\/agora.xtec.cat\/ceip-escola-montsant-reus\/wp-json\/wp\/v2\/posts\/851","targetHints":{"allow":["GET"]}}],"collection":[{"href":"https:\/\/agora.xtec.cat\/ceip-escola-montsant-reus\/wp-json\/wp\/v2\/posts"}],"about":[{"href":"https:\/\/agora.xtec.cat\/ceip-escola-montsant-reus\/wp-json\/wp\/v2\/types\/post"}],"author":[{"embeddable":true,"href":"https:\/\/agora.xtec.cat\/ceip-escola-montsant-reus\/wp-json\/wp\/v2\/users\/1"}],"replies":[{"embeddable":true,"href":"https:\/\/agora.xtec.cat\/ceip-escola-montsant-reus\/wp-json\/wp\/v2\/comments?post=851"}],"version-history":[{"count":2,"href":"https:\/\/agora.xtec.cat\/ceip-escola-montsant-reus\/wp-json\/wp\/v2\/posts\/851\/revisions"}],"predecessor-version":[{"id":854,"href":"https:\/\/agora.xtec.cat\/ceip-escola-montsant-reus\/wp-json\/wp\/v2\/posts\/851\/revisions\/854"}],"wp:featuredmedia":[{"embeddable":true,"href":"https:\/\/agora.xtec.cat\/ceip-escola-montsant-reus\/wp-json\/wp\/v2\/media\/852"}],"wp:attachment":[{"href":"https:\/\/agora.xtec.cat\/ceip-escola-montsant-reus\/wp-json\/wp\/v2\/media?parent=851"}],"wp:term":[{"taxonomy":"category","embeddable":true,"href":"https:\/\/agora.xtec.cat\/ceip-escola-montsant-reus\/wp-json\/wp\/v2\/categories?post=851"},{"taxonomy":"post_tag","embeddable":true,"href":"https:\/\/agora.xtec.cat\/ceip-escola-montsant-reus\/wp-json\/wp\/v2\/tags?post=851"}],"curies":[{"name":"wp","href":"https:\/\/api.w.org\/{rel}","templated":true}]}}