{"id":763,"date":"2019-02-15T10:29:57","date_gmt":"2019-02-15T09:29:57","guid":{"rendered":"http:\/\/agora.xtec.cat\/ceip-escola-montsant-reus\/?p=763"},"modified":"2019-02-28T12:36:42","modified_gmt":"2019-02-28T11:36:42","slug":"xocolatada-solidaria","status":"publish","type":"post","link":"https:\/\/agora.xtec.cat\/ceip-escola-montsant-reus\/portada\/xocolatada-solidaria\/","title":{"rendered":"XOCOLATADA SOLID\u00c0RIA"},"content":{"rendered":"<p>La xocolatada solid\u00e0ria ha estat tot un \u00e8xit! A grans causes, grans respostes. S&#8217;han recollit 305\u20ac!!!<\/p>\n<p>Enhorabona fam\u00edlies per la implicaci\u00f3 i participaci\u00f3!\u00a0<a class=\"_58cn\" href=\"https:\/\/www.facebook.com\/hashtag\/escolamontsantreus?source=feed_text&amp;epa=HASHTAG&amp;__xts__%5B0%5D=68.ARBtq4fHfPkIPIURw0AHD3SMD-Jo8L9t5BnACuCQIHEF-fHNZ5pRrsBZvNJBsebzqEsGgFguGxA9dvf-rQNlIWZm5Jyjb67vGnYfeoIPf2E3RNyL8jhGrVbhyIIw61ma_8GhPo9thbokhX5Nw_RQiLb44KnQuI3xpv9a8YFCliqQiFcQBTU_Ch2K2odrZI0ZoPb5Rwr_z20Hq0lyHrJT4F5IwU_6dtgQwquc8KqqwFTqLecZeEKoc2UpOuhHmUC3ujf1EHm3Nkvzjh6RQ1sXJeWyn_I1_i-XIVKxTSXjsUNQikBfj5DBL6-OKs5t8H7JGBmiqjBJla1X1gtsv1UTUP5It7cK&amp;__tn__=%2ANK-R\" data-ft=\"{&quot;type&quot;:104,&quot;tn&quot;:&quot;*N&quot;}\"><span class=\"_5afx\"><span class=\"_58cl _5afz\" aria-label=\"hashtag\">#<\/span><span class=\"_58cm\">escolamontsantreus<\/span><\/span><\/a><\/p>\n<p><a href=\"https:\/\/agora.xtec.cat\/ceip-escola-montsant-reus\/wp-content\/uploads\/usu1887\/2019\/02\/xoco.jpg\"><img loading=\"lazy\" decoding=\"async\" class=\"alignnone size-full wp-image-764\" src=\"https:\/\/agora.xtec.cat\/ceip-escola-montsant-reus\/wp-content\/uploads\/usu1887\/2019\/02\/xoco.jpg\" alt=\"\" width=\"960\" height=\"960\" srcset=\"https:\/\/agora.xtec.cat\/ceip-escola-montsant-reus\/wp-content\/uploads\/usu1887\/2019\/02\/xoco.jpg 960w, https:\/\/agora.xtec.cat\/ceip-escola-montsant-reus\/wp-content\/uploads\/usu1887\/2019\/02\/xoco-150x150.jpg 150w, https:\/\/agora.xtec.cat\/ceip-escola-montsant-reus\/wp-content\/uploads\/usu1887\/2019\/02\/xoco-300x300.jpg 300w, https:\/\/agora.xtec.cat\/ceip-escola-montsant-reus\/wp-content\/uploads\/usu1887\/2019\/02\/xoco-768x768.jpg 768w\" sizes=\"auto, (max-width: 960px) 100vw, 960px\" \/><\/a><\/p>\n<p>&nbsp;<\/p>\n","protected":false},"excerpt":{"rendered":"<p>La xocolatada solid\u00e0ria ha estat tot un \u00e8xit! A grans causes, grans respostes. S&#8217;han recollit 305\u20ac!!!<br \/>\nEnhorabona fam\u00edlies per la implicaci\u00f3 i participaci\u00f3!\u00a0<a class=\"_58cn\" href=\"https:\/\/www.facebook.com\/hashtag\/escolamontsantreus?source=feed_text&amp;epa=HASHTAG&amp;__xts__%5B0%5D=68.ARBtq4fHfPkIPIURw0AHD3SMD-Jo8L9t5BnACuCQIHEF-fHNZ5pRrsBZvNJBsebzqEsGgFguGxA9dvf-rQNlIWZm5Jyjb67vGnYfeoIPf2E3RNyL8jhGrVbhyIIw61ma_8GhPo9thbokhX5Nw_RQiLb44KnQuI3xpv9a8YFCliqQiFcQBTU_Ch2K2odrZI0ZoPb5Rwr_z20Hq0lyHrJT4F5IwU_6dtgQwquc8KqqwFTqLecZeEKoc2UpOuhHmUC3ujf1EHm3Nkvzjh6RQ1sXJeWyn_I1_i-XIVKxTSXjsUNQikBfj5DBL6-OKs5t8H7JGBmiqjBJla1X1gtsv1UTUP5It7cK&amp;__tn__=%2ANK-R\" data-ft=\"{&quot;type&quot;:104,&quot;tn&quot;:&quot;*N&quot;}\">#escolamontsantreus<\/a><br \/>\n<a href=\"https:\/\/agora.xtec.cat\/ceip-escola-montsant-reus\/wp-content\/uploads\/usu1887\/2019\/02\/xoco.jpg\"><\/a><br \/>\n&nbsp;<\/p>\n","protected":false},"author":1,"featured_media":764,"comment_status":"open","ping_status":"closed","sticky":false,"template":"","format":"standard","meta":{"_bbp_topic_count":0,"_bbp_reply_count":0,"_bbp_total_topic_count":0,"_bbp_total_reply_count":0,"_bbp_voice_count":0,"_bbp_anonymous_reply_count":0,"_bbp_topic_count_hidden":0,"_bbp_reply_count_hidden":0,"_bbp_forum_subforum_count":0,"footnotes":""},"categories":[59,4],"tags":[],"class_list":["post-763","post","type-post","status-publish","format-standard","has-post-thumbnail","hentry","category-escola","category-portada"],"post_mailing_queue_ids":[],"_links":{"self":[{"href":"https:\/\/agora.xtec.cat\/ceip-escola-montsant-reus\/wp-json\/wp\/v2\/posts\/763","targetHints":{"allow":["GET"]}}],"collection":[{"href":"https:\/\/agora.xtec.cat\/ceip-escola-montsant-reus\/wp-json\/wp\/v2\/posts"}],"about":[{"href":"https:\/\/agora.xtec.cat\/ceip-escola-montsant-reus\/wp-json\/wp\/v2\/types\/post"}],"author":[{"embeddable":true,"href":"https:\/\/agora.xtec.cat\/ceip-escola-montsant-reus\/wp-json\/wp\/v2\/users\/1"}],"replies":[{"embeddable":true,"href":"https:\/\/agora.xtec.cat\/ceip-escola-montsant-reus\/wp-json\/wp\/v2\/comments?post=763"}],"version-history":[{"count":1,"href":"https:\/\/agora.xtec.cat\/ceip-escola-montsant-reus\/wp-json\/wp\/v2\/posts\/763\/revisions"}],"predecessor-version":[{"id":765,"href":"https:\/\/agora.xtec.cat\/ceip-escola-montsant-reus\/wp-json\/wp\/v2\/posts\/763\/revisions\/765"}],"wp:featuredmedia":[{"embeddable":true,"href":"https:\/\/agora.xtec.cat\/ceip-escola-montsant-reus\/wp-json\/wp\/v2\/media\/764"}],"wp:attachment":[{"href":"https:\/\/agora.xtec.cat\/ceip-escola-montsant-reus\/wp-json\/wp\/v2\/media?parent=763"}],"wp:term":[{"taxonomy":"category","embeddable":true,"href":"https:\/\/agora.xtec.cat\/ceip-escola-montsant-reus\/wp-json\/wp\/v2\/categories?post=763"},{"taxonomy":"post_tag","embeddable":true,"href":"https:\/\/agora.xtec.cat\/ceip-escola-montsant-reus\/wp-json\/wp\/v2\/tags?post=763"}],"curies":[{"name":"wp","href":"https:\/\/api.w.org\/{rel}","templated":true}]}}