{"id":760,"date":"2019-02-18T10:27:39","date_gmt":"2019-02-18T09:27:39","guid":{"rendered":"http:\/\/agora.xtec.cat\/ceip-escola-montsant-reus\/?p=760"},"modified":"2019-02-28T12:35:54","modified_gmt":"2019-02-28T11:35:54","slug":"taller-dempatitzacio-a-4t","status":"publish","type":"post","link":"https:\/\/agora.xtec.cat\/ceip-escola-montsant-reus\/general\/taller-dempatitzacio-a-4t\/","title":{"rendered":"TALLER D&#8217;EMPATITZACI\u00d3 A 4t"},"content":{"rendered":"<p>La classe Ginesta ha fet un taller d&#8217;empatitzaci\u00f3. Qu\u00e8 complicat \u00e9s tot quan no hi veiem.\u00a0<a class=\"_58cn\" href=\"https:\/\/www.facebook.com\/hashtag\/escolamontsantreus?source=feed_text&amp;epa=HASHTAG&amp;__xts__%5B0%5D=68.ARClnYTp58Qx1bNwAERZdtDjCpJQgv4oeZAqa462oAX0cmg60VRuL3DgcIJuxfjr0-FMyyBONdfVlwCQt9l1cElGc7-s5zRpkT51K_rkFjwG7W3sUPmFqBt9AbjbTwRKbJQlc_lHZ6snpsCs7UtoweDl5wa_QBop-9KkrmTyn53M0x6CuL2aooFM20hvPXNwlbct3DV2ELVXcmLbPKTCBVDmIN4FRfvZW_VNfU0BWB3dQT0daC2gh4cliHF4dJWfmg5IWAdgOqPPc5mdaHuxURBhl9FeJujeCsh6rkf5y0Kg1hewt6fyP0lcUcYXzjKMe5DbFm27u5K4CUp5iLzzSl5VMPzV&amp;__tn__=%2ANK-R\" data-ft=\"{&quot;type&quot;:104,&quot;tn&quot;:&quot;*N&quot;}\"><span class=\"_5afx\"><span class=\"_58cl _5afz\" aria-label=\"hashtag\">#<\/span><span class=\"_58cm\">escolamontsantreus<\/span><\/span><\/a><\/p>\n<p><a href=\"https:\/\/agora.xtec.cat\/ceip-escola-montsant-reus\/wp-content\/uploads\/usu1887\/2019\/02\/empatitzaci\u00f3.jpg\"><img loading=\"lazy\" decoding=\"async\" class=\"alignnone size-full wp-image-761\" src=\"https:\/\/agora.xtec.cat\/ceip-escola-montsant-reus\/wp-content\/uploads\/usu1887\/2019\/02\/empatitzaci\u00f3.jpg\" alt=\"\" width=\"960\" height=\"960\" srcset=\"https:\/\/agora.xtec.cat\/ceip-escola-montsant-reus\/wp-content\/uploads\/usu1887\/2019\/02\/empatitzaci\u00f3.jpg 960w, https:\/\/agora.xtec.cat\/ceip-escola-montsant-reus\/wp-content\/uploads\/usu1887\/2019\/02\/empatitzaci\u00f3-150x150.jpg 150w, https:\/\/agora.xtec.cat\/ceip-escola-montsant-reus\/wp-content\/uploads\/usu1887\/2019\/02\/empatitzaci\u00f3-300x300.jpg 300w, https:\/\/agora.xtec.cat\/ceip-escola-montsant-reus\/wp-content\/uploads\/usu1887\/2019\/02\/empatitzaci\u00f3-768x768.jpg 768w\" sizes=\"auto, (max-width: 960px) 100vw, 960px\" \/><\/a><\/p>\n","protected":false},"excerpt":{"rendered":"<p>La classe Ginesta ha fet un taller d&#8217;empatitzaci\u00f3. Qu\u00e8 complicat \u00e9s tot quan no hi veiem.\u00a0<a class=\"_58cn\" href=\"https:\/\/www.facebook.com\/hashtag\/escolamontsantreus?source=feed_text&amp;epa=HASHTAG&amp;__xts__%5B0%5D=68.ARClnYTp58Qx1bNwAERZdtDjCpJQgv4oeZAqa462oAX0cmg60VRuL3DgcIJuxfjr0-FMyyBONdfVlwCQt9l1cElGc7-s5zRpkT51K_rkFjwG7W3sUPmFqBt9AbjbTwRKbJQlc_lHZ6snpsCs7UtoweDl5wa_QBop-9KkrmTyn53M0x6CuL2aooFM20hvPXNwlbct3DV2ELVXcmLbPKTCBVDmIN4FRfvZW_VNfU0BWB3dQT0daC2gh4cliHF4dJWfmg5IWAdgOqPPc5mdaHuxURBhl9FeJujeCsh6rkf5y0Kg1hewt6fyP0lcUcYXzjKMe5DbFm27u5K4CUp5iLzzSl5VMPzV&amp;__tn__=%2ANK-R\" data-ft=\"{&quot;type&quot;:104,&quot;tn&quot;:&quot;*N&quot;}\">#escolamontsantreus<\/a><br \/>\n<a href=\"https:\/\/agora.xtec.cat\/ceip-escola-montsant-reus\/wp-content\/uploads\/usu1887\/2019\/02\/empatitzaci\u00f3.jpg\"><\/a><\/p>\n","protected":false},"author":1,"featured_media":761,"comment_status":"open","ping_status":"closed","sticky":false,"template":"","format":"standard","meta":{"_bbp_topic_count":0,"_bbp_reply_count":0,"_bbp_total_topic_count":0,"_bbp_total_reply_count":0,"_bbp_voice_count":0,"_bbp_anonymous_reply_count":0,"_bbp_topic_count_hidden":0,"_bbp_reply_count_hidden":0,"_bbp_forum_subforum_count":0,"footnotes":""},"categories":[1,4],"tags":[],"class_list":["post-760","post","type-post","status-publish","format-standard","has-post-thumbnail","hentry","category-general","category-portada"],"post_mailing_queue_ids":[],"_links":{"self":[{"href":"https:\/\/agora.xtec.cat\/ceip-escola-montsant-reus\/wp-json\/wp\/v2\/posts\/760","targetHints":{"allow":["GET"]}}],"collection":[{"href":"https:\/\/agora.xtec.cat\/ceip-escola-montsant-reus\/wp-json\/wp\/v2\/posts"}],"about":[{"href":"https:\/\/agora.xtec.cat\/ceip-escola-montsant-reus\/wp-json\/wp\/v2\/types\/post"}],"author":[{"embeddable":true,"href":"https:\/\/agora.xtec.cat\/ceip-escola-montsant-reus\/wp-json\/wp\/v2\/users\/1"}],"replies":[{"embeddable":true,"href":"https:\/\/agora.xtec.cat\/ceip-escola-montsant-reus\/wp-json\/wp\/v2\/comments?post=760"}],"version-history":[{"count":1,"href":"https:\/\/agora.xtec.cat\/ceip-escola-montsant-reus\/wp-json\/wp\/v2\/posts\/760\/revisions"}],"predecessor-version":[{"id":762,"href":"https:\/\/agora.xtec.cat\/ceip-escola-montsant-reus\/wp-json\/wp\/v2\/posts\/760\/revisions\/762"}],"wp:featuredmedia":[{"embeddable":true,"href":"https:\/\/agora.xtec.cat\/ceip-escola-montsant-reus\/wp-json\/wp\/v2\/media\/761"}],"wp:attachment":[{"href":"https:\/\/agora.xtec.cat\/ceip-escola-montsant-reus\/wp-json\/wp\/v2\/media?parent=760"}],"wp:term":[{"taxonomy":"category","embeddable":true,"href":"https:\/\/agora.xtec.cat\/ceip-escola-montsant-reus\/wp-json\/wp\/v2\/categories?post=760"},{"taxonomy":"post_tag","embeddable":true,"href":"https:\/\/agora.xtec.cat\/ceip-escola-montsant-reus\/wp-json\/wp\/v2\/tags?post=760"}],"curies":[{"name":"wp","href":"https:\/\/api.w.org\/{rel}","templated":true}]}}