{"id":756,"date":"2019-02-23T10:24:11","date_gmt":"2019-02-23T09:24:11","guid":{"rendered":"http:\/\/agora.xtec.cat\/ceip-escola-montsant-reus\/?p=756"},"modified":"2019-02-28T12:35:19","modified_gmt":"2019-02-28T11:35:19","slug":"programa-de-carnaval","status":"publish","type":"post","link":"https:\/\/agora.xtec.cat\/ceip-escola-montsant-reus\/general\/programa-de-carnaval\/","title":{"rendered":"PROGRAMA DE CARNAVAL"},"content":{"rendered":"<p>Qui ho diria? Per\u00f2 la primera idea d&#8217;internet va ser desenvolupada el 1969 per quatre universitaris d&#8217;Estats Units que van crear el projecte ARPANET, tot i que no \u00e9s fins el 1989 que el brit\u00e0nic Tim Berners-Lee estableix la primera comunicaci\u00f3 entre un client i un servidor, i es crea la World Wide Web, o el que coneixem per &#8220;www&#8221;. A partir d&#8217;aqu\u00ed ja ho sabeu: webs, xats, emails, xarxes socials i tot un m\u00f3n internauta i digital. A l&#8217;escola, la setmana vinent celebrarem el Carnaval dedicat als 50 anys d&#8217;Internet!\u00a0<a class=\"_58cn\" href=\"https:\/\/www.facebook.com\/hashtag\/escolamontsantreus?source=feed_text&amp;epa=HASHTAG&amp;__xts__%5B0%5D=68.ARAljdLqf81sbi7P0jDlFlP_cK384WShg0_aAMSXJIQwN-MIXodazDGvxfEBEsVeM9IU83NbdWFtpNzjaCg7T1nZCYWq1CpfOsJoKfDwadjHmipmNaTSe1xsAFn1XfeF0ZOKZCmKpeILMgS1C0jbRPish9onUhX6KCNeDF90f58JEeKk2F9Czv273SV41Gh-pXvSV5RGODJNjjxPTLxU3AafiQTmm4ILKknSOIJUjQezcoNtkYBQtMJ8H6ckQZMR051Vr5HEhnhqgqFejgNfSjLfH03TawUSwxRkJCJRDnKh9Zo2SVU-nqIM8Kh0OHEbxTz-IzoluklYW3G2n4P7PWzq1FUl&amp;__tn__=%2ANK-R\" data-ft=\"{&quot;type&quot;:104,&quot;tn&quot;:&quot;*N&quot;}\"><span class=\"_5afx\"><span class=\"_58cl _5afz\" aria-label=\"hashtag\">#<\/span><span class=\"_58cm\">escolamontsantreus<\/span><\/span><\/a><\/p>\n<p>&nbsp;<\/p>\n<p><a href=\"https:\/\/agora.xtec.cat\/ceip-escola-montsant-reus\/wp-content\/uploads\/usu1887\/2019\/02\/CARNAVAL.jpg\"><img loading=\"lazy\" decoding=\"async\" class=\"alignnone size-full wp-image-757\" src=\"https:\/\/agora.xtec.cat\/ceip-escola-montsant-reus\/wp-content\/uploads\/usu1887\/2019\/02\/CARNAVAL.jpg\" alt=\"\" width=\"960\" height=\"960\" srcset=\"https:\/\/agora.xtec.cat\/ceip-escola-montsant-reus\/wp-content\/uploads\/usu1887\/2019\/02\/CARNAVAL.jpg 960w, https:\/\/agora.xtec.cat\/ceip-escola-montsant-reus\/wp-content\/uploads\/usu1887\/2019\/02\/CARNAVAL-150x150.jpg 150w, https:\/\/agora.xtec.cat\/ceip-escola-montsant-reus\/wp-content\/uploads\/usu1887\/2019\/02\/CARNAVAL-300x300.jpg 300w, https:\/\/agora.xtec.cat\/ceip-escola-montsant-reus\/wp-content\/uploads\/usu1887\/2019\/02\/CARNAVAL-768x768.jpg 768w\" sizes=\"auto, (max-width: 960px) 100vw, 960px\" \/><\/a><\/p>\n","protected":false},"excerpt":{"rendered":"<p>Qui ho diria? Per\u00f2 la primera idea d&#8217;internet va ser desenvolupada el 1969 per quatre universitaris d&#8217;Estats Units que van crear el projecte ARPANET, tot i que no \u00e9s fins el 1989 que el brit\u00e0nic Tim Berners-Lee estableix la primera comunicaci\u00f3 entre un client i&hellip;  <a href=\"https:\/\/agora.xtec.cat\/ceip-escola-montsant-reus\/general\/programa-de-carnaval\/\" title=\"Read PROGRAMA DE CARNAVAL\">Llegeix m\u00e9s\u00bb<\/a><\/p>\n","protected":false},"author":1,"featured_media":757,"comment_status":"open","ping_status":"closed","sticky":false,"template":"","format":"standard","meta":{"_bbp_topic_count":0,"_bbp_reply_count":0,"_bbp_total_topic_count":0,"_bbp_total_reply_count":0,"_bbp_voice_count":0,"_bbp_anonymous_reply_count":0,"_bbp_topic_count_hidden":0,"_bbp_reply_count_hidden":0,"_bbp_forum_subforum_count":0,"footnotes":""},"categories":[1,4],"tags":[],"class_list":["post-756","post","type-post","status-publish","format-standard","has-post-thumbnail","hentry","category-general","category-portada"],"post_mailing_queue_ids":[],"_links":{"self":[{"href":"https:\/\/agora.xtec.cat\/ceip-escola-montsant-reus\/wp-json\/wp\/v2\/posts\/756","targetHints":{"allow":["GET"]}}],"collection":[{"href":"https:\/\/agora.xtec.cat\/ceip-escola-montsant-reus\/wp-json\/wp\/v2\/posts"}],"about":[{"href":"https:\/\/agora.xtec.cat\/ceip-escola-montsant-reus\/wp-json\/wp\/v2\/types\/post"}],"author":[{"embeddable":true,"href":"https:\/\/agora.xtec.cat\/ceip-escola-montsant-reus\/wp-json\/wp\/v2\/users\/1"}],"replies":[{"embeddable":true,"href":"https:\/\/agora.xtec.cat\/ceip-escola-montsant-reus\/wp-json\/wp\/v2\/comments?post=756"}],"version-history":[{"count":2,"href":"https:\/\/agora.xtec.cat\/ceip-escola-montsant-reus\/wp-json\/wp\/v2\/posts\/756\/revisions"}],"predecessor-version":[{"id":759,"href":"https:\/\/agora.xtec.cat\/ceip-escola-montsant-reus\/wp-json\/wp\/v2\/posts\/756\/revisions\/759"}],"wp:featuredmedia":[{"embeddable":true,"href":"https:\/\/agora.xtec.cat\/ceip-escola-montsant-reus\/wp-json\/wp\/v2\/media\/757"}],"wp:attachment":[{"href":"https:\/\/agora.xtec.cat\/ceip-escola-montsant-reus\/wp-json\/wp\/v2\/media?parent=756"}],"wp:term":[{"taxonomy":"category","embeddable":true,"href":"https:\/\/agora.xtec.cat\/ceip-escola-montsant-reus\/wp-json\/wp\/v2\/categories?post=756"},{"taxonomy":"post_tag","embeddable":true,"href":"https:\/\/agora.xtec.cat\/ceip-escola-montsant-reus\/wp-json\/wp\/v2\/tags?post=756"}],"curies":[{"name":"wp","href":"https:\/\/api.w.org\/{rel}","templated":true}]}}