{"id":684,"date":"2018-12-15T15:21:24","date_gmt":"2018-12-15T14:21:24","guid":{"rendered":"http:\/\/agora.xtec.cat\/ceip-escola-montsant-reus\/?p=684"},"modified":"2019-01-14T15:21:52","modified_gmt":"2019-01-14T14:21:52","slug":"nou-consell-escolar","status":"publish","type":"post","link":"https:\/\/agora.xtec.cat\/ceip-escola-montsant-reus\/portada\/nou-consell-escolar\/","title":{"rendered":"NOU CONSELL ESCOLAR"},"content":{"rendered":"<p>Ja tenim constitu\u00eft el nou Consell Escolar:<\/p>\n<p><strong>Director\/a<\/strong> Fernando Ortega Justicia<br \/>\n<strong>Cap d&#8217;estudis<\/strong> Josep Maria Esteban Ergueta<br \/>\n<strong>Secretari\/\u00e0ria<\/strong> Cristina Fossas Aguad\u00e9<\/p>\n<p><strong>Representant de l&#8217;Ajuntament<\/strong> N\u00faria Bruno Mas<\/p>\n<p><strong>Representant de l&#8217;AMPA<\/strong> Daniel Recasens Salvador<\/p>\n<p><strong>Representant de pares i mares<\/strong> \u00c0ngela Sancho Carpio<br \/>\n<strong>Representant de pares i mares<\/strong> Eva M. Ram\u00edrez Carmona<br \/>\n<strong>Representant de pares i mares<\/strong> Fabiana S\u00e1nchez Feutrie<br \/>\n<strong>Representant de pares i mares<\/strong> Marta Romero Jard\u00ed<br \/>\n<strong>Representant de pares i mares<\/strong> M\u00aa del Valle G\u00f3mez Molina<br \/>\n<strong>Representant de pares i mares<\/strong> S\u00edlvia Par\u00e9s Rib\u00e9<\/p>\n<p><strong>Representant del PAE<\/strong> Josepa Gim\u00e9nez Robert<\/p>\n<p><strong>Representant del PAS<\/strong> Carme Mor Sol\u00e0<\/p>\n<p><strong>Representant del professorat<\/strong> Anna Mateo Campoy<br \/>\n<strong>Representant del professorat<\/strong> \u00cdngrid Bra\u00f1a Ciur\u00f3<br \/>\n<strong>Representant del professorat<\/strong> Judit Cavall\u00e9 Sabat\u00e9<br \/>\n<strong>Representant del professorat<\/strong> Judit Cos Sanchez<br \/>\n<strong>Representant del professorat<\/strong> Margarida Ve\u00e0 Artigues<br \/>\n<strong>Representant del professorat<\/strong> Marina Bertran Ibarz<\/p>\n<p>Agra\u00efm la col\u00b7laboraci\u00f3 dels membres que han col\u00b7laborat fins ara: Cristina Gracia, Cinta Callau, Nat\u00e0lia Loose, del sector de pares i mares; Josepa \u00c0vila, Montse Mallafr\u00e9 i M.Teresa Pont.<\/p>\n","protected":false},"excerpt":{"rendered":"<p>Ja tenim constitu\u00eft el nou Consell Escolar:<br \/>\nDirector\/a Fernando Ortega Justicia<br \/>\nCap d&#8217;estudis Josep Maria Esteban Ergueta<br \/>\nSecretari\/\u00e0ria Cristina Fossas Aguad\u00e9<br \/>\nRepresentant de l&#8217;Ajuntament N\u00faria Bruno Mas<br \/>\nRepresentant de l&#8217;AMPA Daniel Recasens Salvador<br \/>\nRepresentant de pares i mares \u00c0ngela Sancho Carpio<br \/>\nRepresentant de pares i mares Eva M. Ram\u00edrez Carmona<br \/>\nRepresentant de pares&hellip;  <a href=\"https:\/\/agora.xtec.cat\/ceip-escola-montsant-reus\/portada\/nou-consell-escolar\/\" title=\"Read NOU CONSELL ESCOLAR\">Llegeix m\u00e9s\u00bb<\/a><\/p>\n","protected":false},"author":1,"featured_media":0,"comment_status":"open","ping_status":"closed","sticky":false,"template":"","format":"standard","meta":{"_bbp_topic_count":0,"_bbp_reply_count":0,"_bbp_total_topic_count":0,"_bbp_total_reply_count":0,"_bbp_voice_count":0,"_bbp_anonymous_reply_count":0,"_bbp_topic_count_hidden":0,"_bbp_reply_count_hidden":0,"_bbp_forum_subforum_count":0,"footnotes":""},"categories":[4],"tags":[],"class_list":["post-684","post","type-post","status-publish","format-standard","hentry","category-portada"],"post_mailing_queue_ids":[],"_links":{"self":[{"href":"https:\/\/agora.xtec.cat\/ceip-escola-montsant-reus\/wp-json\/wp\/v2\/posts\/684","targetHints":{"allow":["GET"]}}],"collection":[{"href":"https:\/\/agora.xtec.cat\/ceip-escola-montsant-reus\/wp-json\/wp\/v2\/posts"}],"about":[{"href":"https:\/\/agora.xtec.cat\/ceip-escola-montsant-reus\/wp-json\/wp\/v2\/types\/post"}],"author":[{"embeddable":true,"href":"https:\/\/agora.xtec.cat\/ceip-escola-montsant-reus\/wp-json\/wp\/v2\/users\/1"}],"replies":[{"embeddable":true,"href":"https:\/\/agora.xtec.cat\/ceip-escola-montsant-reus\/wp-json\/wp\/v2\/comments?post=684"}],"version-history":[{"count":1,"href":"https:\/\/agora.xtec.cat\/ceip-escola-montsant-reus\/wp-json\/wp\/v2\/posts\/684\/revisions"}],"predecessor-version":[{"id":685,"href":"https:\/\/agora.xtec.cat\/ceip-escola-montsant-reus\/wp-json\/wp\/v2\/posts\/684\/revisions\/685"}],"wp:attachment":[{"href":"https:\/\/agora.xtec.cat\/ceip-escola-montsant-reus\/wp-json\/wp\/v2\/media?parent=684"}],"wp:term":[{"taxonomy":"category","embeddable":true,"href":"https:\/\/agora.xtec.cat\/ceip-escola-montsant-reus\/wp-json\/wp\/v2\/categories?post=684"},{"taxonomy":"post_tag","embeddable":true,"href":"https:\/\/agora.xtec.cat\/ceip-escola-montsant-reus\/wp-json\/wp\/v2\/tags?post=684"}],"curies":[{"name":"wp","href":"https:\/\/api.w.org\/{rel}","templated":true}]}}