{"id":676,"date":"2018-12-20T15:07:05","date_gmt":"2018-12-20T14:07:05","guid":{"rendered":"http:\/\/agora.xtec.cat\/ceip-escola-montsant-reus\/?p=676"},"modified":"2019-03-11T10:10:17","modified_gmt":"2019-03-11T09:10:17","slug":"nadal-a-lescola","status":"publish","type":"post","link":"https:\/\/agora.xtec.cat\/ceip-escola-montsant-reus\/general\/nadal-a-lescola\/","title":{"rendered":"NADAL A L&#8217;ESCOLA"},"content":{"rendered":"<p>A la Montsant celebrem el Nadal. Els petits fan cagar el Ti\u00f3, la coral <em>Montsant Sona<\/em> canta can\u00e7ons i 6\u00e8 Xaloc fan els Pastorets. El Nadal ja \u00e9s aqu\u00ed!<\/p>\n<p style=\"text-align: center;\"><a href=\"https:\/\/agora.xtec.cat\/ceip-escola-montsant-reus\/wp-content\/uploads\/usu1887\/2019\/01\/NADAL.jpg\"><img loading=\"lazy\" decoding=\"async\" class=\"alignnone size-full wp-image-677\" src=\"https:\/\/agora.xtec.cat\/ceip-escola-montsant-reus\/wp-content\/uploads\/usu1887\/2019\/01\/NADAL.jpg\" alt=\"\" width=\"960\" height=\"960\" srcset=\"https:\/\/agora.xtec.cat\/ceip-escola-montsant-reus\/wp-content\/uploads\/usu1887\/2019\/01\/NADAL.jpg 960w, https:\/\/agora.xtec.cat\/ceip-escola-montsant-reus\/wp-content\/uploads\/usu1887\/2019\/01\/NADAL-150x150.jpg 150w, https:\/\/agora.xtec.cat\/ceip-escola-montsant-reus\/wp-content\/uploads\/usu1887\/2019\/01\/NADAL-300x300.jpg 300w, https:\/\/agora.xtec.cat\/ceip-escola-montsant-reus\/wp-content\/uploads\/usu1887\/2019\/01\/NADAL-768x768.jpg 768w\" sizes=\"auto, (max-width: 960px) 100vw, 960px\" \/><\/a><\/p>\n","protected":false},"excerpt":{"rendered":"<p>A la Montsant celebrem el Nadal. Els petits fan cagar el Ti\u00f3, la coral Montsant Sona canta can\u00e7ons i 6\u00e8 Xaloc fan els Pastorets. El Nadal ja \u00e9s aqu\u00ed!<br \/>\n<a href=\"https:\/\/agora.xtec.cat\/ceip-escola-montsant-reus\/wp-content\/uploads\/usu1887\/2019\/01\/NADAL.jpg\"><\/a><\/p>\n","protected":false},"author":1,"featured_media":677,"comment_status":"open","ping_status":"closed","sticky":false,"template":"","format":"standard","meta":{"_bbp_topic_count":0,"_bbp_reply_count":0,"_bbp_total_topic_count":0,"_bbp_total_reply_count":0,"_bbp_voice_count":0,"_bbp_anonymous_reply_count":0,"_bbp_topic_count_hidden":0,"_bbp_reply_count_hidden":0,"_bbp_forum_subforum_count":0,"footnotes":""},"categories":[1,4],"tags":[],"class_list":["post-676","post","type-post","status-publish","format-standard","has-post-thumbnail","hentry","category-general","category-portada"],"post_mailing_queue_ids":[],"_links":{"self":[{"href":"https:\/\/agora.xtec.cat\/ceip-escola-montsant-reus\/wp-json\/wp\/v2\/posts\/676","targetHints":{"allow":["GET"]}}],"collection":[{"href":"https:\/\/agora.xtec.cat\/ceip-escola-montsant-reus\/wp-json\/wp\/v2\/posts"}],"about":[{"href":"https:\/\/agora.xtec.cat\/ceip-escola-montsant-reus\/wp-json\/wp\/v2\/types\/post"}],"author":[{"embeddable":true,"href":"https:\/\/agora.xtec.cat\/ceip-escola-montsant-reus\/wp-json\/wp\/v2\/users\/1"}],"replies":[{"embeddable":true,"href":"https:\/\/agora.xtec.cat\/ceip-escola-montsant-reus\/wp-json\/wp\/v2\/comments?post=676"}],"version-history":[{"count":1,"href":"https:\/\/agora.xtec.cat\/ceip-escola-montsant-reus\/wp-json\/wp\/v2\/posts\/676\/revisions"}],"predecessor-version":[{"id":678,"href":"https:\/\/agora.xtec.cat\/ceip-escola-montsant-reus\/wp-json\/wp\/v2\/posts\/676\/revisions\/678"}],"wp:featuredmedia":[{"embeddable":true,"href":"https:\/\/agora.xtec.cat\/ceip-escola-montsant-reus\/wp-json\/wp\/v2\/media\/677"}],"wp:attachment":[{"href":"https:\/\/agora.xtec.cat\/ceip-escola-montsant-reus\/wp-json\/wp\/v2\/media?parent=676"}],"wp:term":[{"taxonomy":"category","embeddable":true,"href":"https:\/\/agora.xtec.cat\/ceip-escola-montsant-reus\/wp-json\/wp\/v2\/categories?post=676"},{"taxonomy":"post_tag","embeddable":true,"href":"https:\/\/agora.xtec.cat\/ceip-escola-montsant-reus\/wp-json\/wp\/v2\/tags?post=676"}],"curies":[{"name":"wp","href":"https:\/\/api.w.org\/{rel}","templated":true}]}}