{"id":669,"date":"2018-12-18T15:03:20","date_gmt":"2018-12-18T14:03:20","guid":{"rendered":"http:\/\/agora.xtec.cat\/ceip-escola-montsant-reus\/?p=669"},"modified":"2019-03-11T10:12:24","modified_gmt":"2019-03-11T09:12:24","slug":"cercselles","status":"publish","type":"post","link":"https:\/\/agora.xtec.cat\/ceip-escola-montsant-reus\/portada\/cercselles\/","title":{"rendered":"CERC@SELLES"},"content":{"rendered":"<p>Avui hem participat al projecte cerc@selles. Hem fet un recorregut per la ciutat per tal de con\u00e8ixer alguns dels edificis de Pere Caselles. Arribar a l&#8217;escola i que els alumnes et diguin que han apr\u00e8s molt\u00edssim i que s&#8217;ho han passat genial, no t\u00e9 preu.\u00a0<a class=\"_58cn\" href=\"https:\/\/www.facebook.com\/hashtag\/escolamontsantreus?source=feed_text&amp;epa=HASHTAG&amp;__xts__%5B0%5D=68.ARCewbDps1YeaxlMUREibtPeaoUebzP3Y5DSFb4UhmE_IuzU9tncdaqAUgRgDQ3_FePNFAXSBRsP9IfH-4RrwwKBPgVjigDOkD1X7J5Ra1YKymuqAkK3YJaFoE4KJOrXwKEThR6KbNmLQPYfzqvlUVy5bmYVLQJ9s6nzcXTydTPp-ktswRiXjf4sS-Nh7gufXspgJRHIl84z1uA1ZDTu7cbnG84Wl_2vKjcJUo9bqIL2QzY7N4tq2UPtgQQQ5auWHbI1B2_3jZiuIi_SbKQaVJqxIIJMYpKVq8EKBhwpo54Pdlv2Kltor5BClSLCbrvnhDYWxC1kQtRZFKMo4ueS5eM0cT25&amp;__tn__=%2ANK-R\" data-ft=\"{&quot;type&quot;:104,&quot;tn&quot;:&quot;*N&quot;}\"><span class=\"_5afx\"><span class=\"_58cl _5afz\" aria-label=\"hashtag\">#<\/span><span class=\"_58cm\">escolamontsantreus<\/span><\/span><\/a>\u00a0<a class=\"_58cn\" href=\"https:\/\/www.facebook.com\/hashtag\/femciutat?source=feed_text&amp;epa=HASHTAG&amp;__xts__%5B0%5D=68.ARCewbDps1YeaxlMUREibtPeaoUebzP3Y5DSFb4UhmE_IuzU9tncdaqAUgRgDQ3_FePNFAXSBRsP9IfH-4RrwwKBPgVjigDOkD1X7J5Ra1YKymuqAkK3YJaFoE4KJOrXwKEThR6KbNmLQPYfzqvlUVy5bmYVLQJ9s6nzcXTydTPp-ktswRiXjf4sS-Nh7gufXspgJRHIl84z1uA1ZDTu7cbnG84Wl_2vKjcJUo9bqIL2QzY7N4tq2UPtgQQQ5auWHbI1B2_3jZiuIi_SbKQaVJqxIIJMYpKVq8EKBhwpo54Pdlv2Kltor5BClSLCbrvnhDYWxC1kQtRZFKMo4ueS5eM0cT25&amp;__tn__=%2ANK-R\" data-ft=\"{&quot;type&quot;:104,&quot;tn&quot;:&quot;*N&quot;}\"><span class=\"_5afx\"><span class=\"_58cl _5afz\" aria-label=\"hashtag\">#<\/span><span class=\"_58cm\">femciutat<\/span><\/span><\/a>\u00a0<a class=\"_58cn\" href=\"https:\/\/www.facebook.com\/hashtag\/comxalem?source=feed_text&amp;epa=HASHTAG&amp;__xts__%5B0%5D=68.ARCewbDps1YeaxlMUREibtPeaoUebzP3Y5DSFb4UhmE_IuzU9tncdaqAUgRgDQ3_FePNFAXSBRsP9IfH-4RrwwKBPgVjigDOkD1X7J5Ra1YKymuqAkK3YJaFoE4KJOrXwKEThR6KbNmLQPYfzqvlUVy5bmYVLQJ9s6nzcXTydTPp-ktswRiXjf4sS-Nh7gufXspgJRHIl84z1uA1ZDTu7cbnG84Wl_2vKjcJUo9bqIL2QzY7N4tq2UPtgQQQ5auWHbI1B2_3jZiuIi_SbKQaVJqxIIJMYpKVq8EKBhwpo54Pdlv2Kltor5BClSLCbrvnhDYWxC1kQtRZFKMo4ueS5eM0cT25&amp;__tn__=%2ANK-R\" data-ft=\"{&quot;type&quot;:104,&quot;tn&quot;:&quot;*N&quot;}\"><span class=\"_5afx\"><span class=\"_58cl _5afz\" aria-label=\"hashtag\">#<\/span><span class=\"_58cm\">comxalem<\/span><\/span><\/a><a class=\"_58cn\" href=\"https:\/\/www.facebook.com\/hashtag\/aprenemiensdivertim?source=feed_text&amp;epa=HASHTAG&amp;__xts__%5B0%5D=68.ARCewbDps1YeaxlMUREibtPeaoUebzP3Y5DSFb4UhmE_IuzU9tncdaqAUgRgDQ3_FePNFAXSBRsP9IfH-4RrwwKBPgVjigDOkD1X7J5Ra1YKymuqAkK3YJaFoE4KJOrXwKEThR6KbNmLQPYfzqvlUVy5bmYVLQJ9s6nzcXTydTPp-ktswRiXjf4sS-Nh7gufXspgJRHIl84z1uA1ZDTu7cbnG84Wl_2vKjcJUo9bqIL2QzY7N4tq2UPtgQQQ5auWHbI1B2_3jZiuIi_SbKQaVJqxIIJMYpKVq8EKBhwpo54Pdlv2Kltor5BClSLCbrvnhDYWxC1kQtRZFKMo4ueS5eM0cT25&amp;__tn__=%2ANK-R\" data-ft=\"{&quot;type&quot;:104,&quot;tn&quot;:&quot;*N&quot;}\"><span class=\"_5afx\"><span class=\"_58cl _5afz\" aria-label=\"hashtag\">#<\/span><span class=\"_58cm\">aprenemiensdivertim<\/span><\/span><\/a>\u00a0<a class=\"_58cn\" href=\"https:\/\/www.facebook.com\/hashtag\/crpbaixcamp?source=feed_text&amp;epa=HASHTAG&amp;__xts__%5B0%5D=68.ARCewbDps1YeaxlMUREibtPeaoUebzP3Y5DSFb4UhmE_IuzU9tncdaqAUgRgDQ3_FePNFAXSBRsP9IfH-4RrwwKBPgVjigDOkD1X7J5Ra1YKymuqAkK3YJaFoE4KJOrXwKEThR6KbNmLQPYfzqvlUVy5bmYVLQJ9s6nzcXTydTPp-ktswRiXjf4sS-Nh7gufXspgJRHIl84z1uA1ZDTu7cbnG84Wl_2vKjcJUo9bqIL2QzY7N4tq2UPtgQQQ5auWHbI1B2_3jZiuIi_SbKQaVJqxIIJMYpKVq8EKBhwpo54Pdlv2Kltor5BClSLCbrvnhDYWxC1kQtRZFKMo4ueS5eM0cT25&amp;__tn__=%2ANK-R\" data-ft=\"{&quot;type&quot;:104,&quot;tn&quot;:&quot;*N&quot;}\"><span class=\"_5afx\"><span class=\"_58cl _5afz\" aria-label=\"hashtag\">#<\/span><span class=\"_58cm\">crpbaixcamp<\/span><\/span><\/a><\/p>\n<p><a href=\"https:\/\/agora.xtec.cat\/ceip-escola-montsant-reus\/wp-content\/uploads\/usu1887\/2019\/01\/cerca1.jpg\"><img loading=\"lazy\" decoding=\"async\" class=\"alignnone size-full wp-image-670\" src=\"https:\/\/agora.xtec.cat\/ceip-escola-montsant-reus\/wp-content\/uploads\/usu1887\/2019\/01\/cerca1.jpg\" alt=\"\" width=\"960\" height=\"960\" srcset=\"https:\/\/agora.xtec.cat\/ceip-escola-montsant-reus\/wp-content\/uploads\/usu1887\/2019\/01\/cerca1.jpg 960w, https:\/\/agora.xtec.cat\/ceip-escola-montsant-reus\/wp-content\/uploads\/usu1887\/2019\/01\/cerca1-150x150.jpg 150w, https:\/\/agora.xtec.cat\/ceip-escola-montsant-reus\/wp-content\/uploads\/usu1887\/2019\/01\/cerca1-300x300.jpg 300w, https:\/\/agora.xtec.cat\/ceip-escola-montsant-reus\/wp-content\/uploads\/usu1887\/2019\/01\/cerca1-768x768.jpg 768w\" sizes=\"auto, (max-width: 960px) 100vw, 960px\" \/><\/a> <a href=\"https:\/\/agora.xtec.cat\/ceip-escola-montsant-reus\/wp-content\/uploads\/usu1887\/2019\/01\/cerca2.jpg\"><img loading=\"lazy\" decoding=\"async\" class=\"alignnone size-large wp-image-671\" src=\"https:\/\/agora.xtec.cat\/ceip-escola-montsant-reus\/wp-content\/uploads\/usu1887\/2019\/01\/cerca2.jpg\" alt=\"\" width=\"960\" height=\"960\" srcset=\"https:\/\/agora.xtec.cat\/ceip-escola-montsant-reus\/wp-content\/uploads\/usu1887\/2019\/01\/cerca2.jpg 960w, https:\/\/agora.xtec.cat\/ceip-escola-montsant-reus\/wp-content\/uploads\/usu1887\/2019\/01\/cerca2-150x150.jpg 150w, https:\/\/agora.xtec.cat\/ceip-escola-montsant-reus\/wp-content\/uploads\/usu1887\/2019\/01\/cerca2-300x300.jpg 300w, https:\/\/agora.xtec.cat\/ceip-escola-montsant-reus\/wp-content\/uploads\/usu1887\/2019\/01\/cerca2-768x768.jpg 768w\" sizes=\"auto, (max-width: 960px) 100vw, 960px\" \/><\/a><\/p>\n","protected":false},"excerpt":{"rendered":"<p>Avui hem participat al projecte cerc@selles. Hem fet un recorregut per la ciutat per tal de con\u00e8ixer alguns dels edificis de Pere Caselles. Arribar a l&#8217;escola i que els alumnes et diguin que han apr\u00e8s molt\u00edssim i que s&#8217;ho han passat genial, no t\u00e9 preu.\u00a0<a&hellip;  <a href=\"https:\/\/agora.xtec.cat\/ceip-escola-montsant-reus\/portada\/cercselles\/\" title=\"Read CERC@SELLES\">Llegeix m\u00e9s\u00bb<\/a><\/p>\n","protected":false},"author":1,"featured_media":670,"comment_status":"open","ping_status":"closed","sticky":false,"template":"","format":"standard","meta":{"_bbp_topic_count":0,"_bbp_reply_count":0,"_bbp_total_topic_count":0,"_bbp_total_reply_count":0,"_bbp_voice_count":0,"_bbp_anonymous_reply_count":0,"_bbp_topic_count_hidden":0,"_bbp_reply_count_hidden":0,"_bbp_forum_subforum_count":0,"footnotes":""},"categories":[4],"tags":[],"class_list":["post-669","post","type-post","status-publish","format-standard","has-post-thumbnail","hentry","category-portada"],"post_mailing_queue_ids":[],"_links":{"self":[{"href":"https:\/\/agora.xtec.cat\/ceip-escola-montsant-reus\/wp-json\/wp\/v2\/posts\/669","targetHints":{"allow":["GET"]}}],"collection":[{"href":"https:\/\/agora.xtec.cat\/ceip-escola-montsant-reus\/wp-json\/wp\/v2\/posts"}],"about":[{"href":"https:\/\/agora.xtec.cat\/ceip-escola-montsant-reus\/wp-json\/wp\/v2\/types\/post"}],"author":[{"embeddable":true,"href":"https:\/\/agora.xtec.cat\/ceip-escola-montsant-reus\/wp-json\/wp\/v2\/users\/1"}],"replies":[{"embeddable":true,"href":"https:\/\/agora.xtec.cat\/ceip-escola-montsant-reus\/wp-json\/wp\/v2\/comments?post=669"}],"version-history":[{"count":2,"href":"https:\/\/agora.xtec.cat\/ceip-escola-montsant-reus\/wp-json\/wp\/v2\/posts\/669\/revisions"}],"predecessor-version":[{"id":682,"href":"https:\/\/agora.xtec.cat\/ceip-escola-montsant-reus\/wp-json\/wp\/v2\/posts\/669\/revisions\/682"}],"wp:featuredmedia":[{"embeddable":true,"href":"https:\/\/agora.xtec.cat\/ceip-escola-montsant-reus\/wp-json\/wp\/v2\/media\/670"}],"wp:attachment":[{"href":"https:\/\/agora.xtec.cat\/ceip-escola-montsant-reus\/wp-json\/wp\/v2\/media?parent=669"}],"wp:term":[{"taxonomy":"category","embeddable":true,"href":"https:\/\/agora.xtec.cat\/ceip-escola-montsant-reus\/wp-json\/wp\/v2\/categories?post=669"},{"taxonomy":"post_tag","embeddable":true,"href":"https:\/\/agora.xtec.cat\/ceip-escola-montsant-reus\/wp-json\/wp\/v2\/tags?post=669"}],"curies":[{"name":"wp","href":"https:\/\/api.w.org\/{rel}","templated":true}]}}