{"id":657,"date":"2018-12-04T14:46:24","date_gmt":"2018-12-04T13:46:24","guid":{"rendered":"http:\/\/agora.xtec.cat\/ceip-escola-montsant-reus\/?p=657"},"modified":"2019-03-11T10:16:12","modified_gmt":"2019-03-11T09:16:12","slug":"gran-recapte-2018","status":"publish","type":"post","link":"https:\/\/agora.xtec.cat\/ceip-escola-montsant-reus\/portada\/gran-recapte-2018\/","title":{"rendered":"Gran recapte 2018"},"content":{"rendered":"<p>El passat 3 de desembre , 6\u00e8 Xaloc, hem participat al Gran Recapte! Hem visitat la planta de classificaci\u00f3 d&#8217;aliments i hem fet molta feina: classificar aliments, tancar i marcar capses, carregar&#8230; per\u00f2 el m\u00e9s important ha estat col-laborar amb i entre nosaltres per ajudar a qui ho necessita. Per cert, queda molta feina encara i calen voluntaris! Si hi voleu col-laborar, us podeu posar en contacte amb el Banc d&#8217;Aliments 977757444\u00a0<a class=\"_58cn\" href=\"https:\/\/www.facebook.com\/hashtag\/escolamontsantreus?source=feed_text&amp;epa=HASHTAG&amp;__xts__%5B0%5D=68.ARAhYGZ6pofje-ix7Riv-vhsrjoVu9qaPmhg2Ldvdp8gyeSIS9kK2uyRHALfSSuhlt1febnbV7023o38M6cdrZcXOX9ArKF24Op52plzUL8EyYtEBn9Mdg4poCmmWL_20To64a44py76o2wU6rLG9R3VQXnXZytqFiVyEayfO2H0XhSpwlXWt4Mz7a4LFLA1ylhJ2yVv5xtUfjJhbiEsPeCmWEz_gml7EvhH2deKJ_Tul_CognG-CbkeA4-OzgD3Fn1HonSORBAJPyrU50Oz7Lm2QJny02QjCTDe7Fm2zWx6AHoc_W5O7--z0gybLvYSDOm7AgY1MOk5QkuBlnJdQEFWY51k&amp;__tn__=%2ANK-R\" data-ft=\"{&quot;type&quot;:104,&quot;tn&quot;:&quot;*N&quot;}\"><span class=\"_5afx\"><span class=\"_58cl _5afz\" aria-label=\"hashtag\">#<\/span><span class=\"_58cm\">escolamontsantreus<\/span><\/span><\/a>\u00a0<a class=\"_58cn\" href=\"https:\/\/www.facebook.com\/hashtag\/somsolidaris?source=feed_text&amp;epa=HASHTAG&amp;__xts__%5B0%5D=68.ARAhYGZ6pofje-ix7Riv-vhsrjoVu9qaPmhg2Ldvdp8gyeSIS9kK2uyRHALfSSuhlt1febnbV7023o38M6cdrZcXOX9ArKF24Op52plzUL8EyYtEBn9Mdg4poCmmWL_20To64a44py76o2wU6rLG9R3VQXnXZytqFiVyEayfO2H0XhSpwlXWt4Mz7a4LFLA1ylhJ2yVv5xtUfjJhbiEsPeCmWEz_gml7EvhH2deKJ_Tul_CognG-CbkeA4-OzgD3Fn1HonSORBAJPyrU50Oz7Lm2QJny02QjCTDe7Fm2zWx6AHoc_W5O7--z0gybLvYSDOm7AgY1MOk5QkuBlnJdQEFWY51k&amp;__tn__=%2ANK-R\" data-ft=\"{&quot;type&quot;:104,&quot;tn&quot;:&quot;*N&quot;}\"><span class=\"_5afx\"><span class=\"_58cl _5afz\" aria-label=\"hashtag\">#<\/span><span class=\"_58cm\">somsolidaris<\/span><\/span><\/a><a class=\"_58cn\" href=\"https:\/\/www.facebook.com\/hashtag\/compartimmoments?source=feed_text&amp;epa=HASHTAG&amp;__xts__%5B0%5D=68.ARAhYGZ6pofje-ix7Riv-vhsrjoVu9qaPmhg2Ldvdp8gyeSIS9kK2uyRHALfSSuhlt1febnbV7023o38M6cdrZcXOX9ArKF24Op52plzUL8EyYtEBn9Mdg4poCmmWL_20To64a44py76o2wU6rLG9R3VQXnXZytqFiVyEayfO2H0XhSpwlXWt4Mz7a4LFLA1ylhJ2yVv5xtUfjJhbiEsPeCmWEz_gml7EvhH2deKJ_Tul_CognG-CbkeA4-OzgD3Fn1HonSORBAJPyrU50Oz7Lm2QJny02QjCTDe7Fm2zWx6AHoc_W5O7--z0gybLvYSDOm7AgY1MOk5QkuBlnJdQEFWY51k&amp;__tn__=%2ANK-R\" data-ft=\"{&quot;type&quot;:104,&quot;tn&quot;:&quot;*N&quot;}\"><span class=\"_5afx\"><span class=\"_58cl _5afz\" aria-label=\"hashtag\">#<\/span><span class=\"_58cm\">compartimmoments<\/span><\/span><\/a><\/p>\n<p><a href=\"https:\/\/agora.xtec.cat\/ceip-escola-montsant-reus\/wp-content\/uploads\/usu1887\/2019\/01\/gran-recapte.jpg\"><img loading=\"lazy\" decoding=\"async\" class=\"alignnone size-full wp-image-658\" src=\"https:\/\/agora.xtec.cat\/ceip-escola-montsant-reus\/wp-content\/uploads\/usu1887\/2019\/01\/gran-recapte.jpg\" alt=\"\" width=\"960\" height=\"960\" srcset=\"https:\/\/agora.xtec.cat\/ceip-escola-montsant-reus\/wp-content\/uploads\/usu1887\/2019\/01\/gran-recapte.jpg 960w, https:\/\/agora.xtec.cat\/ceip-escola-montsant-reus\/wp-content\/uploads\/usu1887\/2019\/01\/gran-recapte-150x150.jpg 150w, https:\/\/agora.xtec.cat\/ceip-escola-montsant-reus\/wp-content\/uploads\/usu1887\/2019\/01\/gran-recapte-300x300.jpg 300w, https:\/\/agora.xtec.cat\/ceip-escola-montsant-reus\/wp-content\/uploads\/usu1887\/2019\/01\/gran-recapte-768x768.jpg 768w\" sizes=\"auto, (max-width: 960px) 100vw, 960px\" \/><\/a><\/p>\n","protected":false},"excerpt":{"rendered":"<p>El passat 3 de desembre , 6\u00e8 Xaloc, hem participat al Gran Recapte! Hem visitat la planta de classificaci\u00f3 d&#8217;aliments i hem fet molta feina: classificar aliments, tancar i marcar capses, carregar&#8230; per\u00f2 el m\u00e9s important ha estat col-laborar amb i entre nosaltres per ajudar&hellip;  <a href=\"https:\/\/agora.xtec.cat\/ceip-escola-montsant-reus\/portada\/gran-recapte-2018\/\" title=\"Read Gran recapte 2018\">Llegeix m\u00e9s\u00bb<\/a><\/p>\n","protected":false},"author":1,"featured_media":658,"comment_status":"open","ping_status":"closed","sticky":false,"template":"","format":"standard","meta":{"_bbp_topic_count":0,"_bbp_reply_count":0,"_bbp_total_topic_count":0,"_bbp_total_reply_count":0,"_bbp_voice_count":0,"_bbp_anonymous_reply_count":0,"_bbp_topic_count_hidden":0,"_bbp_reply_count_hidden":0,"_bbp_forum_subforum_count":0,"footnotes":""},"categories":[4],"tags":[],"class_list":["post-657","post","type-post","status-publish","format-standard","has-post-thumbnail","hentry","category-portada"],"post_mailing_queue_ids":[],"_links":{"self":[{"href":"https:\/\/agora.xtec.cat\/ceip-escola-montsant-reus\/wp-json\/wp\/v2\/posts\/657","targetHints":{"allow":["GET"]}}],"collection":[{"href":"https:\/\/agora.xtec.cat\/ceip-escola-montsant-reus\/wp-json\/wp\/v2\/posts"}],"about":[{"href":"https:\/\/agora.xtec.cat\/ceip-escola-montsant-reus\/wp-json\/wp\/v2\/types\/post"}],"author":[{"embeddable":true,"href":"https:\/\/agora.xtec.cat\/ceip-escola-montsant-reus\/wp-json\/wp\/v2\/users\/1"}],"replies":[{"embeddable":true,"href":"https:\/\/agora.xtec.cat\/ceip-escola-montsant-reus\/wp-json\/wp\/v2\/comments?post=657"}],"version-history":[{"count":1,"href":"https:\/\/agora.xtec.cat\/ceip-escola-montsant-reus\/wp-json\/wp\/v2\/posts\/657\/revisions"}],"predecessor-version":[{"id":659,"href":"https:\/\/agora.xtec.cat\/ceip-escola-montsant-reus\/wp-json\/wp\/v2\/posts\/657\/revisions\/659"}],"wp:featuredmedia":[{"embeddable":true,"href":"https:\/\/agora.xtec.cat\/ceip-escola-montsant-reus\/wp-json\/wp\/v2\/media\/658"}],"wp:attachment":[{"href":"https:\/\/agora.xtec.cat\/ceip-escola-montsant-reus\/wp-json\/wp\/v2\/media?parent=657"}],"wp:term":[{"taxonomy":"category","embeddable":true,"href":"https:\/\/agora.xtec.cat\/ceip-escola-montsant-reus\/wp-json\/wp\/v2\/categories?post=657"},{"taxonomy":"post_tag","embeddable":true,"href":"https:\/\/agora.xtec.cat\/ceip-escola-montsant-reus\/wp-json\/wp\/v2\/tags?post=657"}],"curies":[{"name":"wp","href":"https:\/\/api.w.org\/{rel}","templated":true}]}}