{"id":3632,"date":"2025-12-16T19:34:42","date_gmt":"2025-12-16T18:34:42","guid":{"rendered":"https:\/\/agora.xtec.cat\/ceip-escola-montsant-reus\/?p=3632"},"modified":"2025-12-16T19:45:41","modified_gmt":"2025-12-16T18:45:41","slug":"per-nadal-2025","status":"publish","type":"post","link":"https:\/\/agora.xtec.cat\/ceip-escola-montsant-reus\/general\/per-nadal-2025\/","title":{"rendered":"PER NADAL &#8211; 2025"},"content":{"rendered":"<p>Un curs m\u00e9s, tornem a participar amb CANAL REUS\u00a0 a &#8220;PER NADAL, NADALES&#8221;<\/p>\n<p>Enguany, 5\u00e8 Garb\u00ed torna a cantar una nadala pr\u00f2pia de l&#8217;escola que van composar l&#8217;alumnat i mestres el curs 2017-2018.<\/p>\n<p>Aquest Nadal la podrem tornar a gaudir! Enhorabona 5\u00e8 Garb\u00ed!<\/p>\n<p><iframe loading=\"lazy\" title=\"Escola Montsant | Per Nadal\" width=\"500\" height=\"281\" src=\"https:\/\/www.youtube.com\/embed\/-AzgP2ue-jQ?feature=oembed\" frameborder=\"0\" allow=\"accelerometer; autoplay; clipboard-write; encrypted-media; gyroscope; picture-in-picture; web-share\" referrerpolicy=\"strict-origin-when-cross-origin\" allowfullscreen><\/iframe><\/p>\n","protected":false},"excerpt":{"rendered":"<p>Un curs m\u00e9s, tornem a participar amb CANAL REUS\u00a0 a &#8220;PER NADAL, NADALES&#8221;<br \/>\nEnguany, 5\u00e8 Garb\u00ed torna a cantar una nadala pr\u00f2pia de l&#8217;escola que van composar l&#8217;alumnat i mestres el curs 2017-2018.<br \/>\nAquest Nadal la podrem tornar a gaudir! Enhorabona 5\u00e8 Garb\u00ed!<\/p>\n","protected":false},"author":1,"featured_media":3633,"comment_status":"open","ping_status":"open","sticky":false,"template":"","format":"standard","meta":{"_bbp_topic_count":0,"_bbp_reply_count":0,"_bbp_total_topic_count":0,"_bbp_total_reply_count":0,"_bbp_voice_count":0,"_bbp_anonymous_reply_count":0,"_bbp_topic_count_hidden":0,"_bbp_reply_count_hidden":0,"_bbp_forum_subforum_count":0,"footnotes":""},"categories":[1,4],"tags":[],"class_list":["post-3632","post","type-post","status-publish","format-standard","has-post-thumbnail","hentry","category-general","category-portada"],"post_mailing_queue_ids":[],"_links":{"self":[{"href":"https:\/\/agora.xtec.cat\/ceip-escola-montsant-reus\/wp-json\/wp\/v2\/posts\/3632","targetHints":{"allow":["GET"]}}],"collection":[{"href":"https:\/\/agora.xtec.cat\/ceip-escola-montsant-reus\/wp-json\/wp\/v2\/posts"}],"about":[{"href":"https:\/\/agora.xtec.cat\/ceip-escola-montsant-reus\/wp-json\/wp\/v2\/types\/post"}],"author":[{"embeddable":true,"href":"https:\/\/agora.xtec.cat\/ceip-escola-montsant-reus\/wp-json\/wp\/v2\/users\/1"}],"replies":[{"embeddable":true,"href":"https:\/\/agora.xtec.cat\/ceip-escola-montsant-reus\/wp-json\/wp\/v2\/comments?post=3632"}],"version-history":[{"count":1,"href":"https:\/\/agora.xtec.cat\/ceip-escola-montsant-reus\/wp-json\/wp\/v2\/posts\/3632\/revisions"}],"predecessor-version":[{"id":3634,"href":"https:\/\/agora.xtec.cat\/ceip-escola-montsant-reus\/wp-json\/wp\/v2\/posts\/3632\/revisions\/3634"}],"wp:featuredmedia":[{"embeddable":true,"href":"https:\/\/agora.xtec.cat\/ceip-escola-montsant-reus\/wp-json\/wp\/v2\/media\/3633"}],"wp:attachment":[{"href":"https:\/\/agora.xtec.cat\/ceip-escola-montsant-reus\/wp-json\/wp\/v2\/media?parent=3632"}],"wp:term":[{"taxonomy":"category","embeddable":true,"href":"https:\/\/agora.xtec.cat\/ceip-escola-montsant-reus\/wp-json\/wp\/v2\/categories?post=3632"},{"taxonomy":"post_tag","embeddable":true,"href":"https:\/\/agora.xtec.cat\/ceip-escola-montsant-reus\/wp-json\/wp\/v2\/tags?post=3632"}],"curies":[{"name":"wp","href":"https:\/\/api.w.org\/{rel}","templated":true}]}}