{"id":3224,"date":"2023-04-15T16:12:41","date_gmt":"2023-04-15T14:12:41","guid":{"rendered":"https:\/\/agora.xtec.cat\/ceip-escola-montsant-reus\/?p=3224"},"modified":"2025-03-11T14:11:29","modified_gmt":"2025-03-11T13:11:29","slug":"properes-dates-importants","status":"publish","type":"post","link":"https:\/\/agora.xtec.cat\/ceip-escola-montsant-reus\/general\/properes-dates-importants\/","title":{"rendered":"PROPERES DATES IMPORTANTS!!!"},"content":{"rendered":"<h3 style=\"text-align: center;\"><span style=\"color: #ff0000;\">ATENCI\u00d3!!! RESERVEU-VOS DATES!!!<\/span><\/h3>\n<p>Benvolgudes fam\u00edlies,<\/p>\n<p>Us informem d\u2019algunes dates d\u2019activitats importants perqu\u00e8 us les pugueu reservar. M\u00e9s endavant anireu rebent informaci\u00f3 m\u00e9s detallada:<\/p>\n<ul>\n<li>Dimecres 26 d\u2019abril, a les 12,15h, <strong>Trobada de corals de 5\u00e8 i 6\u00e8<\/strong> a l\u2019Auditori de Salou. Nom\u00e9s alumnat.<\/li>\n<li>Dijous 27 d\u2019abril, al mat\u00ed i en horari escolar: <strong>Cursa de l\u2019aigua UNICEF.<\/strong> Obert a tota la comunitat educativa.<\/li>\n<li>Dissabte 6 de maig, a la tarda: <strong>Fira Tastet de ci\u00e8ncia<\/strong>, a la Pla\u00e7a de l\u2019Univers. Exposar\u00e0 l\u2019alumnat de 5\u00e8 per\u00f2 \u00e9s obert a tothom.<\/li>\n<li>Dimarts 16 de maig, a les 15,00h, <strong>Concert La Clica 2n.\u00a0<\/strong>Obert al p\u00fablic.<\/li>\n<li>Dissabte 20 de maig, al mat\u00ed, <strong>Concert de La Veu de la Terra<\/strong>, per a les fam\u00edlies de 3r.<\/li>\n<li>Dissabte 20 de maig, a la tarda, <strong>Celebraci\u00f3 dels 25 anys de la Fundaci\u00f3 Escola Montsant<\/strong>, amb concert de Banda Simf\u00f2nica de Reus i de l\u2019alumnat de l\u2019escola. Obert a tota la comunitat educativa.<\/li>\n<li>Dimarts 23 de maig, al mat\u00ed, <strong>Mostra de teatre 1r.<\/strong> Nom\u00e9s alumnat.<\/li>\n<li>Dimarts 23 de maig, a la tarda, <strong>Fem Coral 4t<\/strong>. Obert al p\u00fablic.<\/li>\n<li>Divendres 2 de juny, a Barcelona, <strong>Concert F\u00e0brica de Colors 1r.<\/strong> Obert a fam\u00edlies de 1r.<\/li>\n<li>Divendres 9 de juny, a la tarda, <strong>Festa Final de curs. <\/strong>Obert a tota la comunitat educativa.<\/li>\n<li>Dimarts 13 de juny, durant el mat\u00ed i en horari escolar, <strong>Celebraci\u00f3 dels 5 anys de la Geganta Montsant, juntament amb altres escoles de Reus.\u00a0<\/strong>Pendent de saber si ser\u00e0 obert a tota la comunitat educativa o nom\u00e9s a l&#8217;alumnat.<\/li>\n<\/ul>\n<p>* A m\u00e9s a m\u00e9s, properament des de l&#8217;AFA, se us informar\u00e0 de la data de la Jornada Esportiva i la Sortida en fam\u00edlia de primavera.<\/p>\n","protected":false},"excerpt":{"rendered":"<p>ATENCI\u00d3!!! RESERVEU-VOS DATES!!!<br \/>\nBenvolgudes fam\u00edlies,<br \/>\nUs informem d\u2019algunes dates d\u2019activitats importants perqu\u00e8 us les pugueu reservar. M\u00e9s endavant anireu rebent informaci\u00f3 m\u00e9s detallada:<\/p>\n<ul>\n<li>Dimecres 26 d\u2019abril, a les 12,15h, Trobada de corals de 5\u00e8 i 6\u00e8 a l\u2019Auditori de Salou. Nom\u00e9s alumnat.<\/li>\n<li>Dijous 27 d\u2019abril, al mat\u00ed i en&hellip;  <a href=\"https:\/\/agora.xtec.cat\/ceip-escola-montsant-reus\/general\/properes-dates-importants\/\" title=\"Read PROPERES DATES IMPORTANTS!!!\">Llegeix m\u00e9s\u00bb<\/a><br \/>\n","protected":false},"author":1,"featured_media":0,"comment_status":"open","ping_status":"closed","sticky":false,"template":"","format":"standard","meta":{"_bbp_topic_count":0,"_bbp_reply_count":0,"_bbp_total_topic_count":0,"_bbp_total_reply_count":0,"_bbp_voice_count":0,"_bbp_anonymous_reply_count":0,"_bbp_topic_count_hidden":0,"_bbp_reply_count_hidden":0,"_bbp_forum_subforum_count":0,"footnotes":""},"categories":[1],"tags":[],"class_list":["post-3224","post","type-post","status-publish","format-standard","hentry","category-general"],"post_mailing_queue_ids":[],"_links":{"self":[{"href":"https:\/\/agora.xtec.cat\/ceip-escola-montsant-reus\/wp-json\/wp\/v2\/posts\/3224","targetHints":{"allow":["GET"]}}],"collection":[{"href":"https:\/\/agora.xtec.cat\/ceip-escola-montsant-reus\/wp-json\/wp\/v2\/posts"}],"about":[{"href":"https:\/\/agora.xtec.cat\/ceip-escola-montsant-reus\/wp-json\/wp\/v2\/types\/post"}],"author":[{"embeddable":true,"href":"https:\/\/agora.xtec.cat\/ceip-escola-montsant-reus\/wp-json\/wp\/v2\/users\/1"}],"replies":[{"embeddable":true,"href":"https:\/\/agora.xtec.cat\/ceip-escola-montsant-reus\/wp-json\/wp\/v2\/comments?post=3224"}],"version-history":[{"count":3,"href":"https:\/\/agora.xtec.cat\/ceip-escola-montsant-reus\/wp-json\/wp\/v2\/posts\/3224\/revisions"}],"predecessor-version":[{"id":3229,"href":"https:\/\/agora.xtec.cat\/ceip-escola-montsant-reus\/wp-json\/wp\/v2\/posts\/3224\/revisions\/3229"}],"wp:attachment":[{"href":"https:\/\/agora.xtec.cat\/ceip-escola-montsant-reus\/wp-json\/wp\/v2\/media?parent=3224"}],"wp:term":[{"taxonomy":"category","embeddable":true,"href":"https:\/\/agora.xtec.cat\/ceip-escola-montsant-reus\/wp-json\/wp\/v2\/categories?post=3224"},{"taxonomy":"post_tag","embeddable":true,"href":"https:\/\/agora.xtec.cat\/ceip-escola-montsant-reus\/wp-json\/wp\/v2\/tags?post=3224"}],"curies":[{"name":"wp","href":"https:\/\/api.w.org\/{rel}","templated":true}]}}