{"id":2875,"date":"2021-06-07T11:57:04","date_gmt":"2021-06-07T09:57:04","guid":{"rendered":"http:\/\/agora.xtec.cat\/ceip-escola-montsant-reus\/?p=2875"},"modified":"2021-06-08T10:33:14","modified_gmt":"2021-06-08T08:33:14","slug":"matriculacio-curs-2021-22","status":"publish","type":"post","link":"https:\/\/agora.xtec.cat\/ceip-escola-montsant-reus\/general\/matriculacio-curs-2021-22\/","title":{"rendered":"Matriculaci\u00f3 curs 2021-22"},"content":{"rendered":"<p>&nbsp;<\/p>\n<p><img loading=\"lazy\" decoding=\"async\" class=\"wp-image-2883 aligncenter\" src=\"https:\/\/agora.xtec.cat\/ceip-escola-montsant-reus\/wp-content\/uploads\/usu1887\/2021\/06\/MATRICULACI\u00d3.png\" alt=\"\" width=\"443\" height=\"135\" srcset=\"https:\/\/agora.xtec.cat\/ceip-escola-montsant-reus\/wp-content\/uploads\/usu1887\/2021\/06\/MATRICULACI\u00d3.png 613w, https:\/\/agora.xtec.cat\/ceip-escola-montsant-reus\/wp-content\/uploads\/usu1887\/2021\/06\/MATRICULACI\u00d3-300x92.png 300w\" sizes=\"auto, (max-width: 443px) 100vw, 443px\" \/><\/p>\n<p><a href=\"https:\/\/agora.xtec.cat\/ceip-escola-montsant-reus\/wp-content\/uploads\/usu1887\/2021\/06\/INFORME_ADMESOS_INFORME_ASSIGNADES.pdf\">INFORME_ADMESOS_INFORME_ASSIGNADES<\/a><\/p>\n<p><a href=\"https:\/\/agora.xtec.cat\/ceip-escola-montsant-reus\/wp-content\/uploads\/usu1887\/2021\/06\/INFORME_LLISTA_ESPERA_OME_LLISTA_ESPERA.pdf\">INFORME_LLISTA_ESPERA_OME_LLISTA_ESPERA<\/a><\/p>\n<p><a href=\"https:\/\/agora.xtec.cat\/ceip-escola-montsant-reus\/wp-content\/uploads\/usu1887\/2021\/06\/INFORME_PREINSCRITES_OME_INFORME_PREINSCRITES_OME.pdf\">INFORME_PREINSCRITES_OME_INFORME_PREINSCRITES_OME<\/a><\/p>\n<p>Benvolgudes fam\u00edlies,<br \/>\nEn primer lloc donar-vos la <strong><span style=\"color: #0000ff;\">benvinguda a l&#8217;Escola Montsant<\/span><\/strong>.<\/p>\n<p>A continuaci\u00f3 us facilitem la informaci\u00f3 per tal de formalitzar la matr\u00edcula.<\/p>\n<p><strong>Quan s&#8217;ha de fer la matr\u00edcula?<\/strong><\/p>\n<p>El per\u00edode de matriculaci\u00f3 de prim\u00e0ria \u00e9s del <span style=\"color: #0000ff;\"><strong>14 al 18 de juny de 2021<\/strong><\/span>. Si no podeu fer la matriculaci\u00f3 en aquestes dates, cal que presenteu un justificant el m\u00e9s aviat possible al mateix centre, perqu\u00e8 si no es considera que renuncieu a la pla\u00e7a i la perdeu.<\/p>\n<p><strong>Qu\u00e8 necessiteu per fer la matr\u00edcula ?<\/strong><\/p>\n<p>MODELS PER OMPLIR:<\/p>\n<p>&#8211; FITXA DE DADES B\u00c0SIQUES<\/p>\n<p>&#8211; FITXA M\u00c8DICA<\/p>\n<p>&#8211; AUTORITZACI\u00d3 DRETS D\u2019IMATGE<\/p>\n<p>&#8211; CARTA DE COMPROM\u00cdS<\/p>\n<p>&#8211; INSCRIPCI\u00d3 AMPA (Opcional)<\/p>\n<p>DOCUMENTACI\u00d3 QUE CAL ADJUNTAR:<\/p>\n<p>&#8211; FOTOC\u00d2PIA CARNET VACUNES<\/p>\n<p>&#8211; 2 FOTOS DE MIDA CARNET<\/p>\n<p>Us atendrem amb <span style=\"color: #0000ff;\"><strong>cita pr\u00e8via<\/strong><\/span> del 14 al 18 de maig entre les 9 h i les 12 h. Cal que truqueu al <strong><span style=\"color: #0000ff;\">977 315 110<\/span><\/strong>.<\/p>\n<p><a href=\"https:\/\/agora.xtec.cat\/ceip-escola-montsant-reus\/wp-content\/uploads\/usu1887\/2021\/06\/1-FITXA-DE-DADES-B\u00c0SIQUES-ALUMNAT-.docx\">FITXA DE DADES B\u00c0SIQUES ALUMNAT<\/a><\/p>\n<p><a href=\"https:\/\/agora.xtec.cat\/ceip-escola-montsant-reus\/wp-content\/uploads\/usu1887\/2021\/06\/2-Drets-imatge.docx\">Drets imatge<\/a><\/p>\n<p><a href=\"https:\/\/agora.xtec.cat\/ceip-escola-montsant-reus\/wp-content\/uploads\/usu1887\/2021\/06\/3-Fitxa-m\u00e8dica.docx\">Fitxa m\u00e8dica<\/a><\/p>\n<p><a href=\"https:\/\/agora.xtec.cat\/ceip-escola-montsant-reus\/wp-content\/uploads\/usu1887\/2021\/06\/5-CARTA-DE-COMPROM\u00cdS-EDUCATIU-INFANTIL.docx\">CARTA DE COMPROM\u00cdS EDUCATIU INFANTIL<\/a><\/p>\n<p><a href=\"https:\/\/agora.xtec.cat\/ceip-escola-montsant-reus\/wp-content\/uploads\/usu1887\/2021\/06\/AMPA-butlleta-fam\u00edlies.pdf\">AMPA butlleta fam\u00edlies<\/a><\/p>\n<p><a href=\"https:\/\/agora.xtec.cat\/ceip-escola-montsant-reus\/wp-content\/uploads\/usu1887\/2021\/06\/AMPA-ORDRE-sepa.pdf\">AMPA ORDRE sepa<\/a><\/p>\n<p><a href=\"https:\/\/agora.xtec.cat\/ceip-escola-montsant-reus\/wp-content\/uploads\/usu1887\/2021\/06\/carta-AMPA.pdf\">carta AMPA<\/a><\/p>\n<p>&nbsp;<\/p>\n","protected":false},"excerpt":{"rendered":"<p>&nbsp;<\/p>\n<p><a href=\"https:\/\/agora.xtec.cat\/ceip-escola-montsant-reus\/wp-content\/uploads\/usu1887\/2021\/06\/INFORME_ADMESOS_INFORME_ASSIGNADES.pdf\">INFORME_ADMESOS_INFORME_ASSIGNADES<\/a><br \/>\n<a href=\"https:\/\/agora.xtec.cat\/ceip-escola-montsant-reus\/wp-content\/uploads\/usu1887\/2021\/06\/INFORME_LLISTA_ESPERA_OME_LLISTA_ESPERA.pdf\">INFORME_LLISTA_ESPERA_OME_LLISTA_ESPERA<\/a><br \/>\n<a href=\"https:\/\/agora.xtec.cat\/ceip-escola-montsant-reus\/wp-content\/uploads\/usu1887\/2021\/06\/INFORME_PREINSCRITES_OME_INFORME_PREINSCRITES_OME.pdf\">INFORME_PREINSCRITES_OME_INFORME_PREINSCRITES_OME<\/a><br \/>\nBenvolgudes fam\u00edlies,<br \/>\nEn primer lloc donar-vos la benvinguda a l&#8217;Escola Montsant.<br \/>\nA continuaci\u00f3 us facilitem la informaci\u00f3 per tal de formalitzar la matr\u00edcula.<br \/>\nQuan s&#8217;ha de fer la matr\u00edcula?<br \/>\nEl per\u00edode de matriculaci\u00f3 de prim\u00e0ria \u00e9s del 14 al 18 de juny de 2021. Si no&hellip;  <a href=\"https:\/\/agora.xtec.cat\/ceip-escola-montsant-reus\/general\/matriculacio-curs-2021-22\/\" title=\"Read Matriculaci\u00f3 curs 2021-22\">Llegeix m\u00e9s\u00bb<\/a><\/p>\n","protected":false},"author":1,"featured_media":2883,"comment_status":"open","ping_status":"closed","sticky":false,"template":"","format":"standard","meta":{"_bbp_topic_count":0,"_bbp_reply_count":0,"_bbp_total_topic_count":0,"_bbp_total_reply_count":0,"_bbp_voice_count":0,"_bbp_anonymous_reply_count":0,"_bbp_topic_count_hidden":0,"_bbp_reply_count_hidden":0,"_bbp_forum_subforum_count":0,"footnotes":""},"categories":[1,4],"tags":[],"class_list":["post-2875","post","type-post","status-publish","format-standard","has-post-thumbnail","hentry","category-general","category-portada"],"post_mailing_queue_ids":[],"_links":{"self":[{"href":"https:\/\/agora.xtec.cat\/ceip-escola-montsant-reus\/wp-json\/wp\/v2\/posts\/2875","targetHints":{"allow":["GET"]}}],"collection":[{"href":"https:\/\/agora.xtec.cat\/ceip-escola-montsant-reus\/wp-json\/wp\/v2\/posts"}],"about":[{"href":"https:\/\/agora.xtec.cat\/ceip-escola-montsant-reus\/wp-json\/wp\/v2\/types\/post"}],"author":[{"embeddable":true,"href":"https:\/\/agora.xtec.cat\/ceip-escola-montsant-reus\/wp-json\/wp\/v2\/users\/1"}],"replies":[{"embeddable":true,"href":"https:\/\/agora.xtec.cat\/ceip-escola-montsant-reus\/wp-json\/wp\/v2\/comments?post=2875"}],"version-history":[{"count":2,"href":"https:\/\/agora.xtec.cat\/ceip-escola-montsant-reus\/wp-json\/wp\/v2\/posts\/2875\/revisions"}],"predecessor-version":[{"id":2888,"href":"https:\/\/agora.xtec.cat\/ceip-escola-montsant-reus\/wp-json\/wp\/v2\/posts\/2875\/revisions\/2888"}],"wp:featuredmedia":[{"embeddable":true,"href":"https:\/\/agora.xtec.cat\/ceip-escola-montsant-reus\/wp-json\/wp\/v2\/media\/2883"}],"wp:attachment":[{"href":"https:\/\/agora.xtec.cat\/ceip-escola-montsant-reus\/wp-json\/wp\/v2\/media?parent=2875"}],"wp:term":[{"taxonomy":"category","embeddable":true,"href":"https:\/\/agora.xtec.cat\/ceip-escola-montsant-reus\/wp-json\/wp\/v2\/categories?post=2875"},{"taxonomy":"post_tag","embeddable":true,"href":"https:\/\/agora.xtec.cat\/ceip-escola-montsant-reus\/wp-json\/wp\/v2\/tags?post=2875"}],"curies":[{"name":"wp","href":"https:\/\/api.w.org\/{rel}","templated":true}]}}