{"id":2529,"date":"2021-02-09T12:21:56","date_gmt":"2021-02-09T11:21:56","guid":{"rendered":"http:\/\/agora.xtec.cat\/ceip-escola-montsant-reus\/?p=2529"},"modified":"2021-02-09T12:59:34","modified_gmt":"2021-02-09T11:59:34","slug":"preinscripcio-curs-21-22","status":"publish","type":"post","link":"https:\/\/agora.xtec.cat\/ceip-escola-montsant-reus\/general\/preinscripcio-curs-21-22\/","title":{"rendered":"PREINSCRIPCI\u00d3 CURS 21-22"},"content":{"rendered":"<div dir=\"auto\"><a href=\"https:\/\/agora.xtec.cat\/ceip-escola-montsant-reus\/wp-content\/uploads\/usu1887\/2021\/02\/preinscripci\u00f3-2021.jpg\"><img loading=\"lazy\" decoding=\"async\" class=\"size-full wp-image-2530 aligncenter\" src=\"https:\/\/agora.xtec.cat\/ceip-escola-montsant-reus\/wp-content\/uploads\/usu1887\/2021\/02\/preinscripci\u00f3-2021.jpg\" alt=\"\" width=\"720\" height=\"538\" srcset=\"https:\/\/agora.xtec.cat\/ceip-escola-montsant-reus\/wp-content\/uploads\/usu1887\/2021\/02\/preinscripci\u00f3-2021.jpg 720w, https:\/\/agora.xtec.cat\/ceip-escola-montsant-reus\/wp-content\/uploads\/usu1887\/2021\/02\/preinscripci\u00f3-2021-300x224.jpg 300w, https:\/\/agora.xtec.cat\/ceip-escola-montsant-reus\/wp-content\/uploads\/usu1887\/2021\/02\/preinscripci\u00f3-2021-200x150.jpg 200w\" sizes=\"auto, (max-width: 720px) 100vw, 720px\" \/><\/a><\/div>\n<div dir=\"auto\"><\/div>\n<div dir=\"auto\"><\/div>\n<h4 dir=\"auto\"><span style=\"color: #000000;\">Esteu interessants en con\u00e8ixer el projecte educatiu de la nostra escola?<\/span><\/h4>\n<h4 dir=\"auto\" style=\"text-align: justify;\"><span style=\"color: #000000;\">Com cada any us rebrem amb una entrevista personal. Per complir amb les mesures sanit\u00e0ries, us podem rebre fora de l&#8217;horari escolar. Podeu demanar cita pr\u00e8via escrivint un correu electr\u00f2nic a e3007105@xtec.cat o b\u00e9 trucant al 977315110.<\/span><\/h4>\n<h4 dir=\"auto\"><\/h4>\n<h4 dir=\"auto\" style=\"text-align: center;\"><a href=\"https:\/\/aplicacions.gestioeducativa.gencat.cat\/pls\/apex\/f?p=CITA_PREVIA:4::::4:P4_TIPUS_CALENDARI,P4_DOMINI:01-%20JPO-O,43007105\">CITA PR\u00c8VIA<\/a><\/h4>\n<h4 dir=\"auto\" style=\"text-align: center;\"><a href=\"https:\/\/agora.xtec.cat\/ceip-escola-montsant-reus\/wp-content\/uploads\/usu1887\/2020\/10\/ICONA-M\u00c0.jpg\"><img loading=\"lazy\" decoding=\"async\" class=\"wp-image-2401 aligncenter\" src=\"https:\/\/agora.xtec.cat\/ceip-escola-montsant-reus\/wp-content\/uploads\/usu1887\/2020\/10\/ICONA-M\u00c0.jpg\" alt=\"\" width=\"36\" height=\"54\" srcset=\"https:\/\/agora.xtec.cat\/ceip-escola-montsant-reus\/wp-content\/uploads\/usu1887\/2020\/10\/ICONA-M\u00c0.jpg 294w, https:\/\/agora.xtec.cat\/ceip-escola-montsant-reus\/wp-content\/uploads\/usu1887\/2020\/10\/ICONA-M\u00c0-201x300.jpg 201w\" sizes=\"auto, (max-width: 36px) 100vw, 36px\" \/><\/a><\/h4>\n<h4 dir=\"auto\"><a class=\"oajrlxb2 g5ia77u1 qu0x051f esr5mh6w e9989ue4 r7d6kgcz rq0escxv nhd2j8a9 nc684nl6 p7hjln8o kvgmc6g5 cxmmr5t8 oygrvhab hcukyx3x jb3vyjys rz4wbd8a qt6c0cv9 a8nywdso i1ao9s8h esuyzwwr f1sip0of lzcic4wl q66pz984 gpro0wi8 b1v8xokw\" tabindex=\"0\" role=\"link\" href=\"https:\/\/www.facebook.com\/hashtag\/escolamontsantreus?__eep__=6&amp;__cft__[0]=AZUOWVxds11USJ57MYpDmwydX3iKuOk48m9eV9lyoQZrQ70I2LF9tRLLyZWwWlJhwwzOWd9dIpKFIpnZVuCvz1s2Fhj1iaJfY6T0qb4Ql_bGqBnQHTs-ySu6-r4e02EkemlQG2NEtoSqs5hCtHFQ3fHlNzGK-lI4U9MEw3vILmo_KPceij6TYw_XOmj0eUBMfP4&amp;__tn__=*NK-R\">#escolamontsantreus<\/a> <a class=\"oajrlxb2 g5ia77u1 qu0x051f esr5mh6w e9989ue4 r7d6kgcz rq0escxv nhd2j8a9 nc684nl6 p7hjln8o kvgmc6g5 cxmmr5t8 oygrvhab hcukyx3x jb3vyjys rz4wbd8a qt6c0cv9 a8nywdso i1ao9s8h esuyzwwr f1sip0of lzcic4wl q66pz984 gpro0wi8 b1v8xokw\" tabindex=\"0\" role=\"link\" href=\"https:\/\/www.facebook.com\/hashtag\/preinscripci%C3%B3?__eep__=6&amp;__cft__[0]=AZUOWVxds11USJ57MYpDmwydX3iKuOk48m9eV9lyoQZrQ70I2LF9tRLLyZWwWlJhwwzOWd9dIpKFIpnZVuCvz1s2Fhj1iaJfY6T0qb4Ql_bGqBnQHTs-ySu6-r4e02EkemlQG2NEtoSqs5hCtHFQ3fHlNzGK-lI4U9MEw3vILmo_KPceij6TYw_XOmj0eUBMfP4&amp;__tn__=*NK-R\">#preinscripci\u00f3<\/a> <a class=\"oajrlxb2 g5ia77u1 qu0x051f esr5mh6w e9989ue4 r7d6kgcz rq0escxv nhd2j8a9 nc684nl6 p7hjln8o kvgmc6g5 cxmmr5t8 oygrvhab hcukyx3x jb3vyjys rz4wbd8a qt6c0cv9 a8nywdso i1ao9s8h esuyzwwr f1sip0of lzcic4wl q66pz984 gpro0wi8 b1v8xokw\" tabindex=\"0\" role=\"link\" href=\"https:\/\/www.facebook.com\/hashtag\/viulap%C3%BAblica?__eep__=6&amp;__cft__[0]=AZUOWVxds11USJ57MYpDmwydX3iKuOk48m9eV9lyoQZrQ70I2LF9tRLLyZWwWlJhwwzOWd9dIpKFIpnZVuCvz1s2Fhj1iaJfY6T0qb4Ql_bGqBnQHTs-ySu6-r4e02EkemlQG2NEtoSqs5hCtHFQ3fHlNzGK-lI4U9MEw3vILmo_KPceij6TYw_XOmj0eUBMfP4&amp;__tn__=*NK-R\">#viulap\u00fablica<\/a> <a class=\"oajrlxb2 g5ia77u1 qu0x051f esr5mh6w e9989ue4 r7d6kgcz rq0escxv nhd2j8a9 nc684nl6 p7hjln8o kvgmc6g5 cxmmr5t8 oygrvhab hcukyx3x jb3vyjys rz4wbd8a qt6c0cv9 a8nywdso i1ao9s8h esuyzwwr f1sip0of lzcic4wl q66pz984 gpro0wi8 b1v8xokw\" tabindex=\"0\" role=\"link\" href=\"https:\/\/www.facebook.com\/hashtag\/xerp?__eep__=6&amp;__cft__[0]=AZUOWVxds11USJ57MYpDmwydX3iKuOk48m9eV9lyoQZrQ70I2LF9tRLLyZWwWlJhwwzOWd9dIpKFIpnZVuCvz1s2Fhj1iaJfY6T0qb4Ql_bGqBnQHTs-ySu6-r4e02EkemlQG2NEtoSqs5hCtHFQ3fHlNzGK-lI4U9MEw3vILmo_KPceij6TYw_XOmj0eUBMfP4&amp;__tn__=*NK-R\">#XERP<\/a> <a class=\"oajrlxb2 g5ia77u1 qu0x051f esr5mh6w e9989ue4 r7d6kgcz rq0escxv nhd2j8a9 nc684nl6 p7hjln8o kvgmc6g5 cxmmr5t8 oygrvhab hcukyx3x jb3vyjys rz4wbd8a qt6c0cv9 a8nywdso i1ao9s8h esuyzwwr f1sip0of lzcic4wl q66pz984 gpro0wi8 b1v8xokw\" tabindex=\"0\" role=\"link\" href=\"https:\/\/www.facebook.com\/hashtag\/xarxaescolesp%C3%BAbliquesdereus?__eep__=6&amp;__cft__[0]=AZUOWVxds11USJ57MYpDmwydX3iKuOk48m9eV9lyoQZrQ70I2LF9tRLLyZWwWlJhwwzOWd9dIpKFIpnZVuCvz1s2Fhj1iaJfY6T0qb4Ql_bGqBnQHTs-ySu6-r4e02EkemlQG2NEtoSqs5hCtHFQ3fHlNzGK-lI4U9MEw3vILmo_KPceij6TYw_XOmj0eUBMfP4&amp;__tn__=*NK-R\">#xarxaescolesp\u00fabliquesdereus<\/a><\/h4>\n","protected":false},"excerpt":{"rendered":"<p><a href=\"https:\/\/agora.xtec.cat\/ceip-escola-montsant-reus\/wp-content\/uploads\/usu1887\/2021\/02\/preinscripci\u00f3-2021.jpg\"><\/a><\/p>\n<p>Esteu interessants en con\u00e8ixer el projecte educatiu de la nostra escola?<br \/>\nCom cada any us rebrem amb una entrevista personal. Per complir amb les mesures sanit\u00e0ries, us podem rebre fora de l&#8217;horari escolar. Podeu demanar cita pr\u00e8via escrivint un correu electr\u00f2nic a e3007105@xtec.cat o b\u00e9&hellip;  <a href=\"https:\/\/agora.xtec.cat\/ceip-escola-montsant-reus\/general\/preinscripcio-curs-21-22\/\" title=\"Read PREINSCRIPCI\u00d3 CURS 21-22\">Llegeix m\u00e9s\u00bb<\/a><\/p>\n","protected":false},"author":1,"featured_media":0,"comment_status":"open","ping_status":"closed","sticky":false,"template":"","format":"standard","meta":{"_bbp_topic_count":0,"_bbp_reply_count":0,"_bbp_total_topic_count":0,"_bbp_total_reply_count":0,"_bbp_voice_count":0,"_bbp_anonymous_reply_count":0,"_bbp_topic_count_hidden":0,"_bbp_reply_count_hidden":0,"_bbp_forum_subforum_count":0,"footnotes":""},"categories":[59,1,4],"tags":[120],"class_list":["post-2529","post","type-post","status-publish","format-standard","hentry","category-escola","category-general","category-portada","tag-preinscripcio"],"post_mailing_queue_ids":[],"_links":{"self":[{"href":"https:\/\/agora.xtec.cat\/ceip-escola-montsant-reus\/wp-json\/wp\/v2\/posts\/2529","targetHints":{"allow":["GET"]}}],"collection":[{"href":"https:\/\/agora.xtec.cat\/ceip-escola-montsant-reus\/wp-json\/wp\/v2\/posts"}],"about":[{"href":"https:\/\/agora.xtec.cat\/ceip-escola-montsant-reus\/wp-json\/wp\/v2\/types\/post"}],"author":[{"embeddable":true,"href":"https:\/\/agora.xtec.cat\/ceip-escola-montsant-reus\/wp-json\/wp\/v2\/users\/1"}],"replies":[{"embeddable":true,"href":"https:\/\/agora.xtec.cat\/ceip-escola-montsant-reus\/wp-json\/wp\/v2\/comments?post=2529"}],"version-history":[{"count":3,"href":"https:\/\/agora.xtec.cat\/ceip-escola-montsant-reus\/wp-json\/wp\/v2\/posts\/2529\/revisions"}],"predecessor-version":[{"id":2536,"href":"https:\/\/agora.xtec.cat\/ceip-escola-montsant-reus\/wp-json\/wp\/v2\/posts\/2529\/revisions\/2536"}],"wp:attachment":[{"href":"https:\/\/agora.xtec.cat\/ceip-escola-montsant-reus\/wp-json\/wp\/v2\/media?parent=2529"}],"wp:term":[{"taxonomy":"category","embeddable":true,"href":"https:\/\/agora.xtec.cat\/ceip-escola-montsant-reus\/wp-json\/wp\/v2\/categories?post=2529"},{"taxonomy":"post_tag","embeddable":true,"href":"https:\/\/agora.xtec.cat\/ceip-escola-montsant-reus\/wp-json\/wp\/v2\/tags?post=2529"}],"curies":[{"name":"wp","href":"https:\/\/api.w.org\/{rel}","templated":true}]}}