{"id":2483,"date":"2020-12-15T12:42:27","date_gmt":"2020-12-15T11:42:27","guid":{"rendered":"http:\/\/agora.xtec.cat\/ceip-escola-montsant-reus\/?p=2483"},"modified":"2020-12-15T12:46:15","modified_gmt":"2020-12-15T11:46:15","slug":"catalunya-clean-up-challenge","status":"publish","type":"post","link":"https:\/\/agora.xtec.cat\/ceip-escola-montsant-reus\/general\/catalunya-clean-up-challenge\/","title":{"rendered":"Catalunya Clean Up Challenge"},"content":{"rendered":"<p>Benvolgudes fam\u00edlies,<\/p>\n<p>A trav\u00e9s d&#8217;una fam\u00edlia de l&#8217;Escola, ens ha arribat la informaci\u00f3\u00a0sobre aquesta iniciativa\u00a0per millorar els nostres entorns naturals. Hem decidit sumar-nos-hi!! tot i que sabem que moltes fam\u00edlies ja hi participeu!!!<\/p>\n<p>A partir del gener us arribar\u00e0 m\u00e9s informaci\u00f3 sobre el repte que ens plantegem com a escola, mentrestant us deixem la informaci\u00f3\u00a0necess\u00e0ria perqu\u00e8 us baixeu l&#8217;aplicaci\u00f3 i comenceu a provar.<\/p>\n<p>Gr\u00e0cies!<\/p>\n<ol>\n<li><strong><u> Qu\u00e8 \u00e9s el Catalunya CleanUp Challenge?<\/u><\/strong><\/li>\n<\/ol>\n<p>El\u00a0<strong>Catalunya CleanUp Challenge\u00a0<\/strong>\u00e9s una iniciativa de neteja col\u00b7lectiva que introdueix l\u2019\u00fas de la tecnologia (App Litterati, present en m\u00e9s de 160 pa\u00efsos) per fer-ho m\u00e9s divertit (ideal per fer-ho amb nens) per\u00f2 tamb\u00e9 per facilitar que es puguin prendre accions a partir de l\u2019an\u00e0lisi de les dades.<\/p>\n<p>El concepte \u00e9s molt senzill: es tracta de fer una fotografia de cada pe\u00e7a de brossa abans de recollir-la. L\u2019App autom\u00e0ticament la geolocalitza i despr\u00e9s, un cop pujada al n\u00favol, simplement cal etiquetar cada imatge (\u00e9s a dir, dir-li quin tipus d\u2019objecte \u00e9s, el material i quan tingui sentit, la marca).<\/p>\n<p>Descarregar-se l\u2019App i participar \u00e9s completament gratu\u00eft.\u00a0Es pot participar de forma an\u00f2nima (sense registrar-se) o registrant-se (simplement amb nom, cognom i un email). Registrar-se t\u00e9 alguns avantages per\u00f2 aix\u00f2 s\u00f3n detalls dels que podem parlar m\u00e9s endavant en cas de que tingueu inter\u00e8s.<\/p>\n<p><a href=\"https:\/\/agora.xtec.cat\/ceip-escola-montsant-reus\/wp-content\/uploads\/usu1887\/2020\/12\/Litterati_OB_Catalunya-Bilingual-ENG-CAT-1-1.pdf\">Descarrega&#8217;t\u00a0 el tutorial de l&#8217; App: Litterati_OB_Catalunya Bilingual ENG-CAT (1) (1)<\/a><\/p>\n<p>Els impulsors s\u00f3n particulars\u00a0\u00a0que actuen sense cap mena d\u2019inter\u00e8s econ\u00f2mic, comercial o pol\u00edtic.\u00a0\u00a0Aix\u00f2 ho hem verificat perqu\u00e8 un d&#8217;ells \u00e9s pare de la nostra escola!!!<\/p>\n<p>Per on seguir el projecte:<\/p>\n<p><strong>Facebook:\u00a0<\/strong><a href=\"https:\/\/www.facebook.com\/groups\/2856707021241464\" data-saferedirecturl=\"https:\/\/www.google.com\/url?q=https:\/\/www.facebook.com\/groups\/2856707021241464&amp;source=gmail&amp;ust=1608117865221000&amp;usg=AFQjCNHp6oGYDg8VKLX1QYD2lZWD-sZXHw\">https:\/\/www.facebook.com\/groups\/2856707021241464<\/a><\/p>\n<p><strong>Instagram:\u00a0<\/strong><a href=\"https:\/\/www.instagram.com\/catalunyacleanupchallenge\/\" data-saferedirecturl=\"https:\/\/www.google.com\/url?q=https:\/\/www.instagram.com\/catalunyacleanupchallenge\/&amp;source=gmail&amp;ust=1608117865221000&amp;usg=AFQjCNEfI4G6-jbP_ze5sq4MuQ5vMv8Maw\">https:\/\/www.instagram.com\/catalunyacleanupchallenge\/<\/a><\/p>\n<p style=\"font-weight: 400;\"><strong>LinkedIn:\u00a0<\/strong><a href=\"http:\/\/linkedin.com\/in\/robertgarciapano\" data-saferedirecturl=\"https:\/\/www.google.com\/url?q=http:\/\/linkedin.com\/in\/robertgarciapano&amp;source=gmail&amp;ust=1608117865221000&amp;usg=AFQjCNH864oXNn3FZKvVg6wcUQda7iHbTg\">linkedin.com\/in\/robertgarciapano<\/a><strong>\u00a0<\/strong><\/p>\n<p><a href=\"https:\/\/agora.xtec.cat\/ceip-escola-montsant-reus\/wp-content\/uploads\/usu1887\/2020\/12\/LA-MONTSANT-T\u00c9-CURA-DE-LA-TERRA_page-0001.jpg\"><img loading=\"lazy\" decoding=\"async\" class=\"size-large wp-image-2484 aligncenter\" src=\"https:\/\/agora.xtec.cat\/ceip-escola-montsant-reus\/wp-content\/uploads\/usu1887\/2020\/12\/LA-MONTSANT-T\u00c9-CURA-DE-LA-TERRA_page-0001-724x1024.jpg\" alt=\"\" width=\"724\" height=\"1024\" srcset=\"https:\/\/agora.xtec.cat\/ceip-escola-montsant-reus\/wp-content\/uploads\/usu1887\/2020\/12\/LA-MONTSANT-T\u00c9-CURA-DE-LA-TERRA_page-0001-724x1024.jpg 724w, https:\/\/agora.xtec.cat\/ceip-escola-montsant-reus\/wp-content\/uploads\/usu1887\/2020\/12\/LA-MONTSANT-T\u00c9-CURA-DE-LA-TERRA_page-0001-212x300.jpg 212w, https:\/\/agora.xtec.cat\/ceip-escola-montsant-reus\/wp-content\/uploads\/usu1887\/2020\/12\/LA-MONTSANT-T\u00c9-CURA-DE-LA-TERRA_page-0001-768x1086.jpg 768w, https:\/\/agora.xtec.cat\/ceip-escola-montsant-reus\/wp-content\/uploads\/usu1887\/2020\/12\/LA-MONTSANT-T\u00c9-CURA-DE-LA-TERRA_page-0001.jpg 800w\" sizes=\"auto, (max-width: 724px) 100vw, 724px\" \/><\/a><\/p>\n","protected":false},"excerpt":{"rendered":"<p>Benvolgudes fam\u00edlies,<br \/>\nA trav\u00e9s d&#8217;una fam\u00edlia de l&#8217;Escola, ens ha arribat la informaci\u00f3\u00a0sobre aquesta iniciativa\u00a0per millorar els nostres entorns naturals. Hem decidit sumar-nos-hi!! tot i que sabem que moltes fam\u00edlies ja hi participeu!!!<br \/>\nA partir del gener us arribar\u00e0 m\u00e9s informaci\u00f3 sobre el repte que ens plantegem&hellip;  <a href=\"https:\/\/agora.xtec.cat\/ceip-escola-montsant-reus\/general\/catalunya-clean-up-challenge\/\" title=\"Read Catalunya Clean Up Challenge\">Llegeix m\u00e9s\u00bb<\/a><\/p>\n","protected":false},"author":1,"featured_media":2484,"comment_status":"open","ping_status":"closed","sticky":false,"template":"","format":"standard","meta":{"_bbp_topic_count":0,"_bbp_reply_count":0,"_bbp_total_topic_count":0,"_bbp_total_reply_count":0,"_bbp_voice_count":0,"_bbp_anonymous_reply_count":0,"_bbp_topic_count_hidden":0,"_bbp_reply_count_hidden":0,"_bbp_forum_subforum_count":0,"footnotes":""},"categories":[59,1,4],"tags":[77,81],"class_list":["post-2483","post","type-post","status-publish","format-standard","has-post-thumbnail","hentry","category-escola","category-general","category-portada","tag-escola-montsant","tag-escola-verda"],"post_mailing_queue_ids":[],"_links":{"self":[{"href":"https:\/\/agora.xtec.cat\/ceip-escola-montsant-reus\/wp-json\/wp\/v2\/posts\/2483","targetHints":{"allow":["GET"]}}],"collection":[{"href":"https:\/\/agora.xtec.cat\/ceip-escola-montsant-reus\/wp-json\/wp\/v2\/posts"}],"about":[{"href":"https:\/\/agora.xtec.cat\/ceip-escola-montsant-reus\/wp-json\/wp\/v2\/types\/post"}],"author":[{"embeddable":true,"href":"https:\/\/agora.xtec.cat\/ceip-escola-montsant-reus\/wp-json\/wp\/v2\/users\/1"}],"replies":[{"embeddable":true,"href":"https:\/\/agora.xtec.cat\/ceip-escola-montsant-reus\/wp-json\/wp\/v2\/comments?post=2483"}],"version-history":[{"count":2,"href":"https:\/\/agora.xtec.cat\/ceip-escola-montsant-reus\/wp-json\/wp\/v2\/posts\/2483\/revisions"}],"predecessor-version":[{"id":2487,"href":"https:\/\/agora.xtec.cat\/ceip-escola-montsant-reus\/wp-json\/wp\/v2\/posts\/2483\/revisions\/2487"}],"wp:featuredmedia":[{"embeddable":true,"href":"https:\/\/agora.xtec.cat\/ceip-escola-montsant-reus\/wp-json\/wp\/v2\/media\/2484"}],"wp:attachment":[{"href":"https:\/\/agora.xtec.cat\/ceip-escola-montsant-reus\/wp-json\/wp\/v2\/media?parent=2483"}],"wp:term":[{"taxonomy":"category","embeddable":true,"href":"https:\/\/agora.xtec.cat\/ceip-escola-montsant-reus\/wp-json\/wp\/v2\/categories?post=2483"},{"taxonomy":"post_tag","embeddable":true,"href":"https:\/\/agora.xtec.cat\/ceip-escola-montsant-reus\/wp-json\/wp\/v2\/tags?post=2483"}],"curies":[{"name":"wp","href":"https:\/\/api.w.org\/{rel}","templated":true}]}}