{"id":2454,"date":"2020-11-19T05:51:31","date_gmt":"2020-11-19T04:51:31","guid":{"rendered":"http:\/\/agora.xtec.cat\/ceip-escola-montsant-reus\/?p=2454"},"modified":"2020-11-19T05:51:31","modified_gmt":"2020-11-19T04:51:31","slug":"una-escola-un-parc","status":"publish","type":"post","link":"https:\/\/agora.xtec.cat\/ceip-escola-montsant-reus\/general\/una-escola-un-parc\/","title":{"rendered":"UNA ESCOLA, UN PARC"},"content":{"rendered":"<p>La Xarxa d&#8217;escoles p\u00fabliques de Reus i la regidoria d&#8217;educaci\u00f3 han fet possible el projecte <em>Una escola, un parc<\/em>. Els alumnes m\u00e9s grans de l&#8217;escola poden gaudir del carrer de Vinebre per sortir a l&#8217;hora de l&#8217;esbarjo.<\/p>\n<p><a href=\"https:\/\/agora.xtec.cat\/ceip-escola-montsant-reus\/wp-content\/uploads\/usu1887\/2020\/11\/una-escola-un-parc.jpg\"><img loading=\"lazy\" decoding=\"async\" class=\"size-full wp-image-2455 aligncenter\" src=\"https:\/\/agora.xtec.cat\/ceip-escola-montsant-reus\/wp-content\/uploads\/usu1887\/2020\/11\/una-escola-un-parc.jpg\" alt=\"\" width=\"526\" height=\"526\" srcset=\"https:\/\/agora.xtec.cat\/ceip-escola-montsant-reus\/wp-content\/uploads\/usu1887\/2020\/11\/una-escola-un-parc.jpg 526w, https:\/\/agora.xtec.cat\/ceip-escola-montsant-reus\/wp-content\/uploads\/usu1887\/2020\/11\/una-escola-un-parc-150x150.jpg 150w, https:\/\/agora.xtec.cat\/ceip-escola-montsant-reus\/wp-content\/uploads\/usu1887\/2020\/11\/una-escola-un-parc-300x300.jpg 300w\" sizes=\"auto, (max-width: 526px) 100vw, 526px\" \/><\/a><\/p>\n","protected":false},"excerpt":{"rendered":"<p>La Xarxa d&#8217;escoles p\u00fabliques de Reus i la regidoria d&#8217;educaci\u00f3 han fet possible el projecte Una escola, un parc. Els alumnes m\u00e9s grans de l&#8217;escola poden gaudir del carrer de Vinebre per sortir a l&#8217;hora de l&#8217;esbarjo.<br \/>\n<a href=\"https:\/\/agora.xtec.cat\/ceip-escola-montsant-reus\/wp-content\/uploads\/usu1887\/2020\/11\/una-escola-un-parc.jpg\"><\/a><\/p>\n","protected":false},"author":1,"featured_media":0,"comment_status":"open","ping_status":"closed","sticky":false,"template":"","format":"standard","meta":{"_bbp_topic_count":0,"_bbp_reply_count":0,"_bbp_total_topic_count":0,"_bbp_total_reply_count":0,"_bbp_voice_count":0,"_bbp_anonymous_reply_count":0,"_bbp_topic_count_hidden":0,"_bbp_reply_count_hidden":0,"_bbp_forum_subforum_count":0,"footnotes":""},"categories":[59,1,4],"tags":[77,118],"class_list":["post-2454","post","type-post","status-publish","format-standard","hentry","category-escola","category-general","category-portada","tag-escola-montsant","tag-una-escola-un-parc"],"post_mailing_queue_ids":[],"_links":{"self":[{"href":"https:\/\/agora.xtec.cat\/ceip-escola-montsant-reus\/wp-json\/wp\/v2\/posts\/2454","targetHints":{"allow":["GET"]}}],"collection":[{"href":"https:\/\/agora.xtec.cat\/ceip-escola-montsant-reus\/wp-json\/wp\/v2\/posts"}],"about":[{"href":"https:\/\/agora.xtec.cat\/ceip-escola-montsant-reus\/wp-json\/wp\/v2\/types\/post"}],"author":[{"embeddable":true,"href":"https:\/\/agora.xtec.cat\/ceip-escola-montsant-reus\/wp-json\/wp\/v2\/users\/1"}],"replies":[{"embeddable":true,"href":"https:\/\/agora.xtec.cat\/ceip-escola-montsant-reus\/wp-json\/wp\/v2\/comments?post=2454"}],"version-history":[{"count":1,"href":"https:\/\/agora.xtec.cat\/ceip-escola-montsant-reus\/wp-json\/wp\/v2\/posts\/2454\/revisions"}],"predecessor-version":[{"id":2456,"href":"https:\/\/agora.xtec.cat\/ceip-escola-montsant-reus\/wp-json\/wp\/v2\/posts\/2454\/revisions\/2456"}],"wp:attachment":[{"href":"https:\/\/agora.xtec.cat\/ceip-escola-montsant-reus\/wp-json\/wp\/v2\/media?parent=2454"}],"wp:term":[{"taxonomy":"category","embeddable":true,"href":"https:\/\/agora.xtec.cat\/ceip-escola-montsant-reus\/wp-json\/wp\/v2\/categories?post=2454"},{"taxonomy":"post_tag","embeddable":true,"href":"https:\/\/agora.xtec.cat\/ceip-escola-montsant-reus\/wp-json\/wp\/v2\/tags?post=2454"}],"curies":[{"name":"wp","href":"https:\/\/api.w.org\/{rel}","templated":true}]}}