{"id":2442,"date":"2020-10-30T18:21:32","date_gmt":"2020-10-30T17:21:32","guid":{"rendered":"http:\/\/agora.xtec.cat\/ceip-escola-montsant-reus\/?p=2442"},"modified":"2020-10-30T21:12:21","modified_gmt":"2020-10-30T20:12:21","slug":"concert-i-teatre-de-tardor","status":"publish","type":"post","link":"https:\/\/agora.xtec.cat\/ceip-escola-montsant-reus\/general\/concert-i-teatre-de-tardor\/","title":{"rendered":"Concert i teatre de tardor"},"content":{"rendered":"<p>A l&#8217;escola, malgrat la situaci\u00f3, hem celebrat la Castanyada a l&#8217;escola, enguany sense castanyes per\u00f2 amb un concert i teatre que vam fer al llarg de la setmana. Tant els que hi \u00e9rem a l&#8217;escola\u00a0 com els que hi eren a casa i ens seguien de forma virtual, hem pogut participar i gaudir d&#8217;aquestes dues activitats i les hem pogut visionar avui des de la classe. Desitgem que us agradin tant com les hem gaudit nosaltres.<\/p>\n<p>Per cert, aprofitem per dir-vos que hem estrenat cortines del teatre!!!<\/p>\n<p>Des de l&#8217;escola us desitgem que tingueu molt bona castanyada!!!<\/p>\n<p><iframe loading=\"lazy\" title=\"Concert de tardor 2020 - Escola Montsant\" width=\"500\" height=\"281\" src=\"https:\/\/www.youtube.com\/embed\/_Cp0VxPOKAk?feature=oembed\" frameborder=\"0\" allow=\"accelerometer; autoplay; clipboard-write; encrypted-media; gyroscope; picture-in-picture; web-share\" referrerpolicy=\"strict-origin-when-cross-origin\" allowfullscreen><\/iframe><\/p>\n<p><iframe loading=\"lazy\" title=\"Teatre   La Fada de la Tardor - Escola Montsant 2020\" width=\"500\" height=\"281\" src=\"https:\/\/www.youtube.com\/embed\/54fEfZRvldg?feature=oembed\" frameborder=\"0\" allow=\"accelerometer; autoplay; clipboard-write; encrypted-media; gyroscope; picture-in-picture; web-share\" referrerpolicy=\"strict-origin-when-cross-origin\" allowfullscreen><\/iframe><\/p>\n","protected":false},"excerpt":{"rendered":"<p>A l&#8217;escola, malgrat la situaci\u00f3, hem celebrat la Castanyada a l&#8217;escola, enguany sense castanyes per\u00f2 amb un concert i teatre que vam fer al llarg de la setmana. Tant els que hi \u00e9rem a l&#8217;escola\u00a0 com els que hi eren a casa i ens seguien&hellip;  <a href=\"https:\/\/agora.xtec.cat\/ceip-escola-montsant-reus\/general\/concert-i-teatre-de-tardor\/\" title=\"Read Concert i teatre de tardor\">Llegeix m\u00e9s\u00bb<\/a><\/p>\n","protected":false},"author":1,"featured_media":2443,"comment_status":"open","ping_status":"closed","sticky":false,"template":"","format":"standard","meta":{"_bbp_topic_count":0,"_bbp_reply_count":0,"_bbp_total_topic_count":0,"_bbp_total_reply_count":0,"_bbp_voice_count":0,"_bbp_anonymous_reply_count":0,"_bbp_topic_count_hidden":0,"_bbp_reply_count_hidden":0,"_bbp_forum_subforum_count":0,"footnotes":""},"categories":[59,1,4],"tags":[116,77,117],"class_list":["post-2442","post","type-post","status-publish","format-standard","has-post-thumbnail","hentry","category-escola","category-general","category-portada","tag-castanyada-2020","tag-escola-montsant","tag-teatre"],"post_mailing_queue_ids":[],"_links":{"self":[{"href":"https:\/\/agora.xtec.cat\/ceip-escola-montsant-reus\/wp-json\/wp\/v2\/posts\/2442","targetHints":{"allow":["GET"]}}],"collection":[{"href":"https:\/\/agora.xtec.cat\/ceip-escola-montsant-reus\/wp-json\/wp\/v2\/posts"}],"about":[{"href":"https:\/\/agora.xtec.cat\/ceip-escola-montsant-reus\/wp-json\/wp\/v2\/types\/post"}],"author":[{"embeddable":true,"href":"https:\/\/agora.xtec.cat\/ceip-escola-montsant-reus\/wp-json\/wp\/v2\/users\/1"}],"replies":[{"embeddable":true,"href":"https:\/\/agora.xtec.cat\/ceip-escola-montsant-reus\/wp-json\/wp\/v2\/comments?post=2442"}],"version-history":[{"count":2,"href":"https:\/\/agora.xtec.cat\/ceip-escola-montsant-reus\/wp-json\/wp\/v2\/posts\/2442\/revisions"}],"predecessor-version":[{"id":2445,"href":"https:\/\/agora.xtec.cat\/ceip-escola-montsant-reus\/wp-json\/wp\/v2\/posts\/2442\/revisions\/2445"}],"wp:featuredmedia":[{"embeddable":true,"href":"https:\/\/agora.xtec.cat\/ceip-escola-montsant-reus\/wp-json\/wp\/v2\/media\/2443"}],"wp:attachment":[{"href":"https:\/\/agora.xtec.cat\/ceip-escola-montsant-reus\/wp-json\/wp\/v2\/media?parent=2442"}],"wp:term":[{"taxonomy":"category","embeddable":true,"href":"https:\/\/agora.xtec.cat\/ceip-escola-montsant-reus\/wp-json\/wp\/v2\/categories?post=2442"},{"taxonomy":"post_tag","embeddable":true,"href":"https:\/\/agora.xtec.cat\/ceip-escola-montsant-reus\/wp-json\/wp\/v2\/tags?post=2442"}],"curies":[{"name":"wp","href":"https:\/\/api.w.org\/{rel}","templated":true}]}}