{"id":2439,"date":"2020-10-29T15:49:36","date_gmt":"2020-10-29T14:49:36","guid":{"rendered":"http:\/\/agora.xtec.cat\/ceip-escola-montsant-reus\/?p=2439"},"modified":"2020-10-29T15:50:39","modified_gmt":"2020-10-29T14:50:39","slug":"i-va-bola","status":"publish","type":"post","link":"https:\/\/agora.xtec.cat\/ceip-escola-montsant-reus\/general\/i-va-bola\/","title":{"rendered":"I va bola!!!"},"content":{"rendered":"<p>La rifa de la confitura \u00e9s una tradici\u00f3 de la ciutat de Reus que gaireb\u00e9 s&#8217;ha perdut. Des de l&#8217;Escola Montsant fa tres anys que l&#8217;hem recuperat i rifem panellets que ajudaran a anar de viatge a l&#8217;alumnat de 6\u00e8.<\/p>\n<p>Avui amb el crit de I va bola!!!,<a href=\"https:\/\/agora.xtec.cat\/ceip-escola-montsant-reus\/wp-content\/uploads\/usu1887\/2020\/10\/1603982739653.jpg\"><img loading=\"lazy\" decoding=\"async\" class=\"alignright wp-image-2440\" src=\"https:\/\/agora.xtec.cat\/ceip-escola-montsant-reus\/wp-content\/uploads\/usu1887\/2020\/10\/1603982739653-1024x1024.jpg\" alt=\"\" width=\"574\" height=\"574\" srcset=\"https:\/\/agora.xtec.cat\/ceip-escola-montsant-reus\/wp-content\/uploads\/usu1887\/2020\/10\/1603982739653-1024x1024.jpg 1024w, https:\/\/agora.xtec.cat\/ceip-escola-montsant-reus\/wp-content\/uploads\/usu1887\/2020\/10\/1603982739653-150x150.jpg 150w, https:\/\/agora.xtec.cat\/ceip-escola-montsant-reus\/wp-content\/uploads\/usu1887\/2020\/10\/1603982739653-300x300.jpg 300w, https:\/\/agora.xtec.cat\/ceip-escola-montsant-reus\/wp-content\/uploads\/usu1887\/2020\/10\/1603982739653-768x768.jpg 768w, https:\/\/agora.xtec.cat\/ceip-escola-montsant-reus\/wp-content\/uploads\/usu1887\/2020\/10\/1603982739653.jpg 1600w\" sizes=\"auto, (max-width: 574px) 100vw, 574px\" \/><\/a> acompanyat dels aplaudiments de tots els assistents, s&#8217;han repartit les seg\u00fcents safates:<\/p>\n<p>4 panellets:<\/p>\n<p>N\u00fameros: 843,\u00a0899, 117, 162,\u00a0046,\u00a0472,\u00a0828, 362, 972 i\u00a0155<\/p>\n<p>6 panellets:<\/p>\n<p>N\u00fameros: 486, 063, 864, 980, 891, 732, 907, 503, 781 i 929,<\/p>\n<p>12 panellets:<\/p>\n<p>N\u00fameros: 952, 853, 278, 129 i 944<\/p>\n<p>Enhorabona als guanyadors!!<\/p>\n<p>&nbsp;<\/p>\n","protected":false},"excerpt":{"rendered":"<p>La rifa de la confitura \u00e9s una tradici\u00f3 de la ciutat de Reus que gaireb\u00e9 s&#8217;ha perdut. Des de l&#8217;Escola Montsant fa tres anys que l&#8217;hem recuperat i rifem panellets que ajudaran a anar de viatge a l&#8217;alumnat de 6\u00e8.<br \/>\nAvui amb el crit de I&hellip;  <a href=\"https:\/\/agora.xtec.cat\/ceip-escola-montsant-reus\/general\/i-va-bola\/\" title=\"Read I va bola!!!\">Llegeix m\u00e9s\u00bb<\/a><\/p>\n","protected":false},"author":1,"featured_media":2440,"comment_status":"open","ping_status":"closed","sticky":false,"template":"","format":"standard","meta":{"_bbp_topic_count":0,"_bbp_reply_count":0,"_bbp_total_topic_count":0,"_bbp_total_reply_count":0,"_bbp_voice_count":0,"_bbp_anonymous_reply_count":0,"_bbp_topic_count_hidden":0,"_bbp_reply_count_hidden":0,"_bbp_forum_subforum_count":0,"footnotes":""},"categories":[15,59,1,4],"tags":[],"class_list":["post-2439","post","type-post","status-publish","format-standard","has-post-thumbnail","hentry","category-6e","category-escola","category-general","category-portada"],"post_mailing_queue_ids":[],"_links":{"self":[{"href":"https:\/\/agora.xtec.cat\/ceip-escola-montsant-reus\/wp-json\/wp\/v2\/posts\/2439","targetHints":{"allow":["GET"]}}],"collection":[{"href":"https:\/\/agora.xtec.cat\/ceip-escola-montsant-reus\/wp-json\/wp\/v2\/posts"}],"about":[{"href":"https:\/\/agora.xtec.cat\/ceip-escola-montsant-reus\/wp-json\/wp\/v2\/types\/post"}],"author":[{"embeddable":true,"href":"https:\/\/agora.xtec.cat\/ceip-escola-montsant-reus\/wp-json\/wp\/v2\/users\/1"}],"replies":[{"embeddable":true,"href":"https:\/\/agora.xtec.cat\/ceip-escola-montsant-reus\/wp-json\/wp\/v2\/comments?post=2439"}],"version-history":[{"count":1,"href":"https:\/\/agora.xtec.cat\/ceip-escola-montsant-reus\/wp-json\/wp\/v2\/posts\/2439\/revisions"}],"predecessor-version":[{"id":2441,"href":"https:\/\/agora.xtec.cat\/ceip-escola-montsant-reus\/wp-json\/wp\/v2\/posts\/2439\/revisions\/2441"}],"wp:featuredmedia":[{"embeddable":true,"href":"https:\/\/agora.xtec.cat\/ceip-escola-montsant-reus\/wp-json\/wp\/v2\/media\/2440"}],"wp:attachment":[{"href":"https:\/\/agora.xtec.cat\/ceip-escola-montsant-reus\/wp-json\/wp\/v2\/media?parent=2439"}],"wp:term":[{"taxonomy":"category","embeddable":true,"href":"https:\/\/agora.xtec.cat\/ceip-escola-montsant-reus\/wp-json\/wp\/v2\/categories?post=2439"},{"taxonomy":"post_tag","embeddable":true,"href":"https:\/\/agora.xtec.cat\/ceip-escola-montsant-reus\/wp-json\/wp\/v2\/tags?post=2439"}],"curies":[{"name":"wp","href":"https:\/\/api.w.org\/{rel}","templated":true}]}}