{"id":2434,"date":"2020-10-27T16:17:12","date_gmt":"2020-10-27T15:17:12","guid":{"rendered":"http:\/\/agora.xtec.cat\/ceip-escola-montsant-reus\/?p=2434"},"modified":"2020-10-27T16:17:12","modified_gmt":"2020-10-27T15:17:12","slug":"lets-clean-europe-2020","status":"publish","type":"post","link":"https:\/\/agora.xtec.cat\/ceip-escola-montsant-reus\/general\/lets-clean-europe-2020\/","title":{"rendered":"Let&#8217;s Clean Europe 2020"},"content":{"rendered":"<p>L&#8217;alumnat de 5\u00e8 Garb\u00ed ha participat un any m\u00e9s en la iniciativa Let&#8217;s Clean Europe, fent neteja de la riera i dels voltants de l&#8217;escola. Aqu\u00ed teniu un v\u00eddeo amb imatges.<\/p>\n<p>SOM ESCOLA VERDA!!!<\/p>\n<p><iframe loading=\"lazy\" title=\"Let&#039;s Clean Europe - Escola Montsant 2020\" width=\"500\" height=\"375\" src=\"https:\/\/www.youtube.com\/embed\/FkL8Cr0EZHA?feature=oembed\" frameborder=\"0\" allow=\"accelerometer; autoplay; clipboard-write; encrypted-media; gyroscope; picture-in-picture; web-share\" referrerpolicy=\"strict-origin-when-cross-origin\" allowfullscreen><\/iframe><\/p>\n","protected":false},"excerpt":{"rendered":"<p>L&#8217;alumnat de 5\u00e8 Garb\u00ed ha participat un any m\u00e9s en la iniciativa Let&#8217;s Clean Europe, fent neteja de la riera i dels voltants de l&#8217;escola. Aqu\u00ed teniu un v\u00eddeo amb imatges.<br \/>\nSOM ESCOLA VERDA!!!<\/p>\n","protected":false},"author":1,"featured_media":2436,"comment_status":"open","ping_status":"closed","sticky":false,"template":"","format":"standard","meta":{"_bbp_topic_count":0,"_bbp_reply_count":0,"_bbp_total_topic_count":0,"_bbp_total_reply_count":0,"_bbp_voice_count":0,"_bbp_anonymous_reply_count":0,"_bbp_topic_count_hidden":0,"_bbp_reply_count_hidden":0,"_bbp_forum_subforum_count":0,"footnotes":""},"categories":[59,1,4],"tags":[77,81,115],"class_list":["post-2434","post","type-post","status-publish","format-standard","has-post-thumbnail","hentry","category-escola","category-general","category-portada","tag-escola-montsant","tag-escola-verda","tag-lets-clean-europe"],"post_mailing_queue_ids":[],"_links":{"self":[{"href":"https:\/\/agora.xtec.cat\/ceip-escola-montsant-reus\/wp-json\/wp\/v2\/posts\/2434","targetHints":{"allow":["GET"]}}],"collection":[{"href":"https:\/\/agora.xtec.cat\/ceip-escola-montsant-reus\/wp-json\/wp\/v2\/posts"}],"about":[{"href":"https:\/\/agora.xtec.cat\/ceip-escola-montsant-reus\/wp-json\/wp\/v2\/types\/post"}],"author":[{"embeddable":true,"href":"https:\/\/agora.xtec.cat\/ceip-escola-montsant-reus\/wp-json\/wp\/v2\/users\/1"}],"replies":[{"embeddable":true,"href":"https:\/\/agora.xtec.cat\/ceip-escola-montsant-reus\/wp-json\/wp\/v2\/comments?post=2434"}],"version-history":[{"count":2,"href":"https:\/\/agora.xtec.cat\/ceip-escola-montsant-reus\/wp-json\/wp\/v2\/posts\/2434\/revisions"}],"predecessor-version":[{"id":2437,"href":"https:\/\/agora.xtec.cat\/ceip-escola-montsant-reus\/wp-json\/wp\/v2\/posts\/2434\/revisions\/2437"}],"wp:featuredmedia":[{"embeddable":true,"href":"https:\/\/agora.xtec.cat\/ceip-escola-montsant-reus\/wp-json\/wp\/v2\/media\/2436"}],"wp:attachment":[{"href":"https:\/\/agora.xtec.cat\/ceip-escola-montsant-reus\/wp-json\/wp\/v2\/media?parent=2434"}],"wp:term":[{"taxonomy":"category","embeddable":true,"href":"https:\/\/agora.xtec.cat\/ceip-escola-montsant-reus\/wp-json\/wp\/v2\/categories?post=2434"},{"taxonomy":"post_tag","embeddable":true,"href":"https:\/\/agora.xtec.cat\/ceip-escola-montsant-reus\/wp-json\/wp\/v2\/tags?post=2434"}],"curies":[{"name":"wp","href":"https:\/\/api.w.org\/{rel}","templated":true}]}}