{"id":2419,"date":"2020-10-19T07:12:25","date_gmt":"2020-10-19T05:12:25","guid":{"rendered":"http:\/\/agora.xtec.cat\/ceip-escola-montsant-reus\/?p=2419"},"modified":"2020-10-19T07:12:25","modified_gmt":"2020-10-19T05:12:25","slug":"montsant-sona-collabora-amb-pe-ta-ca","status":"publish","type":"post","link":"https:\/\/agora.xtec.cat\/ceip-escola-montsant-reus\/general\/montsant-sona-collabora-amb-pe-ta-ca\/","title":{"rendered":"Montsant Sona col\u00b7labora amb PE-TA-CA"},"content":{"rendered":"<p>L&#8217;\u00e0mbit cultural \u00e9s present en el treball diari de la nostra escola. Un dels aspectes \u00e9s l&#8217;educaci\u00f3 art\u00edstica. Avui els components m\u00e9s grans de la Coral Montsant Sona han participat en la gravaci\u00f3 d&#8217;una Nadala creada pel Petit Taller de Can\u00e7ons al CdA Pau Casals. Gr\u00e0cies David Melgar i a tot l&#8217;equip per convidar-nos, fer-ho tan f\u00e0cil i deixar-nos gaudir de l&#8217;experi\u00e8ncia. Tamb\u00e9 a les fam\u00edlies que han col\u00b7laborat acompanyant els seus fills i filles un diumenge al mat\u00ed. I a la mestra Judit que \u00e9s l&#8217;\u00e0nima del projecte musical de l&#8217;escola Montsant.<\/p>\n<p><a href=\"https:\/\/agora.xtec.cat\/ceip-escola-montsant-reus\/wp-content\/uploads\/usu1887\/2020\/10\/Montsant-Sona-petaca.jpg\"><img loading=\"lazy\" decoding=\"async\" class=\"alignright size-full wp-image-2420\" src=\"https:\/\/agora.xtec.cat\/ceip-escola-montsant-reus\/wp-content\/uploads\/usu1887\/2020\/10\/Montsant-Sona-petaca.jpg\" alt=\"\" width=\"843\" height=\"843\" srcset=\"https:\/\/agora.xtec.cat\/ceip-escola-montsant-reus\/wp-content\/uploads\/usu1887\/2020\/10\/Montsant-Sona-petaca.jpg 843w, https:\/\/agora.xtec.cat\/ceip-escola-montsant-reus\/wp-content\/uploads\/usu1887\/2020\/10\/Montsant-Sona-petaca-150x150.jpg 150w, https:\/\/agora.xtec.cat\/ceip-escola-montsant-reus\/wp-content\/uploads\/usu1887\/2020\/10\/Montsant-Sona-petaca-300x300.jpg 300w, https:\/\/agora.xtec.cat\/ceip-escola-montsant-reus\/wp-content\/uploads\/usu1887\/2020\/10\/Montsant-Sona-petaca-768x768.jpg 768w\" sizes=\"auto, (max-width: 843px) 100vw, 843px\" \/><\/a><\/p>\n","protected":false},"excerpt":{"rendered":"<p>L&#8217;\u00e0mbit cultural \u00e9s present en el treball diari de la nostra escola. Un dels aspectes \u00e9s l&#8217;educaci\u00f3 art\u00edstica. Avui els components m\u00e9s grans de la Coral Montsant Sona han participat en la gravaci\u00f3 d&#8217;una Nadala creada pel Petit Taller de Can\u00e7ons al CdA Pau Casals.&hellip;  <a href=\"https:\/\/agora.xtec.cat\/ceip-escola-montsant-reus\/general\/montsant-sona-collabora-amb-pe-ta-ca\/\" title=\"Read Montsant Sona col\u00b7labora amb PE-TA-CA\">Llegeix m\u00e9s\u00bb<\/a><\/p>\n","protected":false},"author":1,"featured_media":2420,"comment_status":"open","ping_status":"closed","sticky":false,"template":"","format":"standard","meta":{"_bbp_topic_count":0,"_bbp_reply_count":0,"_bbp_total_topic_count":0,"_bbp_total_reply_count":0,"_bbp_voice_count":0,"_bbp_anonymous_reply_count":0,"_bbp_topic_count_hidden":0,"_bbp_reply_count_hidden":0,"_bbp_forum_subforum_count":0,"footnotes":""},"categories":[59,1,4],"tags":[114],"class_list":["post-2419","post","type-post","status-publish","format-standard","has-post-thumbnail","hentry","category-escola","category-general","category-portada","tag-montsant-sona"],"post_mailing_queue_ids":[],"_links":{"self":[{"href":"https:\/\/agora.xtec.cat\/ceip-escola-montsant-reus\/wp-json\/wp\/v2\/posts\/2419","targetHints":{"allow":["GET"]}}],"collection":[{"href":"https:\/\/agora.xtec.cat\/ceip-escola-montsant-reus\/wp-json\/wp\/v2\/posts"}],"about":[{"href":"https:\/\/agora.xtec.cat\/ceip-escola-montsant-reus\/wp-json\/wp\/v2\/types\/post"}],"author":[{"embeddable":true,"href":"https:\/\/agora.xtec.cat\/ceip-escola-montsant-reus\/wp-json\/wp\/v2\/users\/1"}],"replies":[{"embeddable":true,"href":"https:\/\/agora.xtec.cat\/ceip-escola-montsant-reus\/wp-json\/wp\/v2\/comments?post=2419"}],"version-history":[{"count":1,"href":"https:\/\/agora.xtec.cat\/ceip-escola-montsant-reus\/wp-json\/wp\/v2\/posts\/2419\/revisions"}],"predecessor-version":[{"id":2421,"href":"https:\/\/agora.xtec.cat\/ceip-escola-montsant-reus\/wp-json\/wp\/v2\/posts\/2419\/revisions\/2421"}],"wp:featuredmedia":[{"embeddable":true,"href":"https:\/\/agora.xtec.cat\/ceip-escola-montsant-reus\/wp-json\/wp\/v2\/media\/2420"}],"wp:attachment":[{"href":"https:\/\/agora.xtec.cat\/ceip-escola-montsant-reus\/wp-json\/wp\/v2\/media?parent=2419"}],"wp:term":[{"taxonomy":"category","embeddable":true,"href":"https:\/\/agora.xtec.cat\/ceip-escola-montsant-reus\/wp-json\/wp\/v2\/categories?post=2419"},{"taxonomy":"post_tag","embeddable":true,"href":"https:\/\/agora.xtec.cat\/ceip-escola-montsant-reus\/wp-json\/wp\/v2\/tags?post=2419"}],"curies":[{"name":"wp","href":"https:\/\/api.w.org\/{rel}","templated":true}]}}