{"id":2360,"date":"2020-09-20T22:17:48","date_gmt":"2020-09-20T20:17:48","guid":{"rendered":"http:\/\/agora.xtec.cat\/ceip-escola-montsant-reus\/?p=2360"},"modified":"2020-09-20T22:21:53","modified_gmt":"2020-09-20T20:21:53","slug":"comencem-el-curs-2020-2021","status":"publish","type":"post","link":"https:\/\/agora.xtec.cat\/ceip-escola-montsant-reus\/general\/comencem-el-curs-2020-2021\/","title":{"rendered":"Comencem el curs 2020-2021"},"content":{"rendered":"<p>Ja portem una setmana a l&#8217;escola!!!<\/p>\n<h3><span style=\"color: #000080;\">HEM COMEN\u00c7AT EL CURS 2020-2021!!!<\/span><\/h3>\n<p>Durant tota la setmana hem estat capa\u00e7os de viure el dia a dia a l&#8217;escola, amb mascareta, per\u00f2 amb m\u00e9s ganes que mai, i vetllant perqu\u00e8 l&#8217;escola sigui un lloc segur.<\/p>\n<p>Aqu\u00ed us deixem un v\u00eddeo d&#8217;aquests primers dies. COMENCEM!!!<\/p>\n<p><iframe loading=\"lazy\" title=\"Inici de curs 2020-21\" width=\"500\" height=\"375\" src=\"https:\/\/www.youtube.com\/embed\/UFmoHNU0gd8?feature=oembed\" frameborder=\"0\" allow=\"accelerometer; autoplay; clipboard-write; encrypted-media; gyroscope; picture-in-picture; web-share\" referrerpolicy=\"strict-origin-when-cross-origin\" allowfullscreen><\/iframe><\/p>\n","protected":false},"excerpt":{"rendered":"<p>Ja portem una setmana a l&#8217;escola!!!<br \/>\nHEM COMEN\u00c7AT EL CURS 2020-2021!!!<br \/>\nDurant tota la setmana hem estat capa\u00e7os de viure el dia a dia a l&#8217;escola, amb mascareta, per\u00f2 amb m\u00e9s ganes que mai, i vetllant perqu\u00e8 l&#8217;escola sigui un lloc segur.<br \/>\nAqu\u00ed us deixem un v\u00eddeo d&#8217;aquests&hellip;  <a href=\"https:\/\/agora.xtec.cat\/ceip-escola-montsant-reus\/general\/comencem-el-curs-2020-2021\/\" title=\"Read Comencem el curs 2020-2021\">Llegeix m\u00e9s\u00bb<\/a><\/p>\n","protected":false},"author":1,"featured_media":0,"comment_status":"open","ping_status":"closed","sticky":false,"template":"","format":"standard","meta":{"_bbp_topic_count":0,"_bbp_reply_count":0,"_bbp_total_topic_count":0,"_bbp_total_reply_count":0,"_bbp_voice_count":0,"_bbp_anonymous_reply_count":0,"_bbp_topic_count_hidden":0,"_bbp_reply_count_hidden":0,"_bbp_forum_subforum_count":0,"footnotes":""},"categories":[59,1,4],"tags":[110,111],"class_list":["post-2360","post","type-post","status-publish","format-standard","hentry","category-escola","category-general","category-portada","tag-comencem","tag-curs2020-2021"],"post_mailing_queue_ids":[],"_links":{"self":[{"href":"https:\/\/agora.xtec.cat\/ceip-escola-montsant-reus\/wp-json\/wp\/v2\/posts\/2360","targetHints":{"allow":["GET"]}}],"collection":[{"href":"https:\/\/agora.xtec.cat\/ceip-escola-montsant-reus\/wp-json\/wp\/v2\/posts"}],"about":[{"href":"https:\/\/agora.xtec.cat\/ceip-escola-montsant-reus\/wp-json\/wp\/v2\/types\/post"}],"author":[{"embeddable":true,"href":"https:\/\/agora.xtec.cat\/ceip-escola-montsant-reus\/wp-json\/wp\/v2\/users\/1"}],"replies":[{"embeddable":true,"href":"https:\/\/agora.xtec.cat\/ceip-escola-montsant-reus\/wp-json\/wp\/v2\/comments?post=2360"}],"version-history":[{"count":2,"href":"https:\/\/agora.xtec.cat\/ceip-escola-montsant-reus\/wp-json\/wp\/v2\/posts\/2360\/revisions"}],"predecessor-version":[{"id":2363,"href":"https:\/\/agora.xtec.cat\/ceip-escola-montsant-reus\/wp-json\/wp\/v2\/posts\/2360\/revisions\/2363"}],"wp:attachment":[{"href":"https:\/\/agora.xtec.cat\/ceip-escola-montsant-reus\/wp-json\/wp\/v2\/media?parent=2360"}],"wp:term":[{"taxonomy":"category","embeddable":true,"href":"https:\/\/agora.xtec.cat\/ceip-escola-montsant-reus\/wp-json\/wp\/v2\/categories?post=2360"},{"taxonomy":"post_tag","embeddable":true,"href":"https:\/\/agora.xtec.cat\/ceip-escola-montsant-reus\/wp-json\/wp\/v2\/tags?post=2360"}],"curies":[{"name":"wp","href":"https:\/\/api.w.org\/{rel}","templated":true}]}}