{"id":2143,"date":"2020-07-07T14:19:25","date_gmt":"2020-07-07T12:19:25","guid":{"rendered":"http:\/\/agora.xtec.cat\/ceip-escola-montsant-reus\/?p=2143"},"modified":"2020-07-07T18:24:33","modified_gmt":"2020-07-07T16:24:33","slug":"matriculacio","status":"publish","type":"post","link":"https:\/\/agora.xtec.cat\/ceip-escola-montsant-reus\/general\/matriculacio\/","title":{"rendered":"Matriculaci\u00f3"},"content":{"rendered":"<p><a href=\"https:\/\/agora.xtec.cat\/ceip-escola-montsant-reus\/wp-content\/uploads\/usu1887\/2020\/07\/MATR.jpg\"><img loading=\"lazy\" decoding=\"async\" class=\"alignnone wp-image-2147 aligncenter\" src=\"https:\/\/agora.xtec.cat\/ceip-escola-montsant-reus\/wp-content\/uploads\/usu1887\/2020\/07\/MATR.jpg\" alt=\"\" width=\"449\" height=\"186\" srcset=\"https:\/\/agora.xtec.cat\/ceip-escola-montsant-reus\/wp-content\/uploads\/usu1887\/2020\/07\/MATR.jpg 620w, https:\/\/agora.xtec.cat\/ceip-escola-montsant-reus\/wp-content\/uploads\/usu1887\/2020\/07\/MATR-300x124.jpg 300w\" sizes=\"auto, (max-width: 449px) 100vw, 449px\" \/><\/a><\/p>\n<p>Benvinguts a l&#8217;Escola Montsant!<\/p>\n<p>S&#8217;han publicat els llistats d&#8217;admesos i la llista d&#8217;espera.<\/p>\n<p>Podeu demanar cita pr\u00e8via per recollir i\/o lliurar la documentaci\u00f3 de la matr\u00edcula en el seg\u00fcent enlla\u00e7:<\/p>\n<p><a href=\"https:\/\/aplicacions.gestioeducativa.gencat.cat\/pls\/apex\/f?p=CITA_PREVIA:4::::4:P4_TIPUS_CALENDARI,P4_DOMINI:03_Oblig,43007105\">CITA PREVIA matr\u00edcula<\/a><\/p>\n<p><a href=\"https:\/\/agora.xtec.cat\/ceip-escola-montsant-reus\/wp-content\/uploads\/usu1887\/2020\/06\/INFORME_ASSIGNADES_INFORME_ASSIGNADES.pdf\">INFORME_ASSIGNADES_INFORME_ASSIGNADES<\/a><\/p>\n<p><a href=\"https:\/\/agora.xtec.cat\/ceip-escola-montsant-reus\/wp-content\/uploads\/usu1887\/2020\/06\/INFORME_LLISTA_ESPERA_OME_LLISTA_ESPERA.pdf\">INFORME_LLISTA_ESPERA_OME_LLISTA_ESPERA<\/a><\/p>\n","protected":false},"excerpt":{"rendered":"<p><a href=\"https:\/\/agora.xtec.cat\/ceip-escola-montsant-reus\/wp-content\/uploads\/usu1887\/2020\/07\/MATR.jpg\"><\/a><br \/>\nBenvinguts a l&#8217;Escola Montsant!<br \/>\nS&#8217;han publicat els llistats d&#8217;admesos i la llista d&#8217;espera.<br \/>\nPodeu demanar cita pr\u00e8via per recollir i\/o lliurar la documentaci\u00f3 de la matr\u00edcula en el seg\u00fcent enlla\u00e7:<br \/>\n<a href=\"https:\/\/aplicacions.gestioeducativa.gencat.cat\/pls\/apex\/f?p=CITA_PREVIA:4::::4:P4_TIPUS_CALENDARI,P4_DOMINI:03_Oblig,43007105\">CITA PREVIA matr\u00edcula<\/a><br \/>\n<a href=\"https:\/\/agora.xtec.cat\/ceip-escola-montsant-reus\/wp-content\/uploads\/usu1887\/2020\/06\/INFORME_ASSIGNADES_INFORME_ASSIGNADES.pdf\">INFORME_ASSIGNADES_INFORME_ASSIGNADES<\/a><br \/>\n<a href=\"https:\/\/agora.xtec.cat\/ceip-escola-montsant-reus\/wp-content\/uploads\/usu1887\/2020\/06\/INFORME_LLISTA_ESPERA_OME_LLISTA_ESPERA.pdf\">INFORME_LLISTA_ESPERA_OME_LLISTA_ESPERA<\/a><\/p>\n","protected":false},"author":1,"featured_media":2147,"comment_status":"open","ping_status":"closed","sticky":false,"template":"","format":"standard","meta":{"_bbp_topic_count":0,"_bbp_reply_count":0,"_bbp_total_topic_count":0,"_bbp_total_reply_count":0,"_bbp_voice_count":0,"_bbp_anonymous_reply_count":0,"_bbp_topic_count_hidden":0,"_bbp_reply_count_hidden":0,"_bbp_forum_subforum_count":0,"footnotes":""},"categories":[59,1,4],"tags":[],"class_list":["post-2143","post","type-post","status-publish","format-standard","has-post-thumbnail","hentry","category-escola","category-general","category-portada"],"post_mailing_queue_ids":[],"_links":{"self":[{"href":"https:\/\/agora.xtec.cat\/ceip-escola-montsant-reus\/wp-json\/wp\/v2\/posts\/2143","targetHints":{"allow":["GET"]}}],"collection":[{"href":"https:\/\/agora.xtec.cat\/ceip-escola-montsant-reus\/wp-json\/wp\/v2\/posts"}],"about":[{"href":"https:\/\/agora.xtec.cat\/ceip-escola-montsant-reus\/wp-json\/wp\/v2\/types\/post"}],"author":[{"embeddable":true,"href":"https:\/\/agora.xtec.cat\/ceip-escola-montsant-reus\/wp-json\/wp\/v2\/users\/1"}],"replies":[{"embeddable":true,"href":"https:\/\/agora.xtec.cat\/ceip-escola-montsant-reus\/wp-json\/wp\/v2\/comments?post=2143"}],"version-history":[{"count":3,"href":"https:\/\/agora.xtec.cat\/ceip-escola-montsant-reus\/wp-json\/wp\/v2\/posts\/2143\/revisions"}],"predecessor-version":[{"id":2150,"href":"https:\/\/agora.xtec.cat\/ceip-escola-montsant-reus\/wp-json\/wp\/v2\/posts\/2143\/revisions\/2150"}],"wp:featuredmedia":[{"embeddable":true,"href":"https:\/\/agora.xtec.cat\/ceip-escola-montsant-reus\/wp-json\/wp\/v2\/media\/2147"}],"wp:attachment":[{"href":"https:\/\/agora.xtec.cat\/ceip-escola-montsant-reus\/wp-json\/wp\/v2\/media?parent=2143"}],"wp:term":[{"taxonomy":"category","embeddable":true,"href":"https:\/\/agora.xtec.cat\/ceip-escola-montsant-reus\/wp-json\/wp\/v2\/categories?post=2143"},{"taxonomy":"post_tag","embeddable":true,"href":"https:\/\/agora.xtec.cat\/ceip-escola-montsant-reus\/wp-json\/wp\/v2\/tags?post=2143"}],"curies":[{"name":"wp","href":"https:\/\/api.w.org\/{rel}","templated":true}]}}