{"id":2004,"date":"2020-05-18T19:26:31","date_gmt":"2020-05-18T17:26:31","guid":{"rendered":"http:\/\/agora.xtec.cat\/ceip-escola-montsant-reus\/?p=2004"},"modified":"2020-06-01T09:04:18","modified_gmt":"2020-06-01T07:04:18","slug":"la-vaca-que-va-pondre-un-ou","status":"publish","type":"post","link":"https:\/\/agora.xtec.cat\/ceip-escola-montsant-reus\/general\/la-vaca-que-va-pondre-un-ou\/","title":{"rendered":"LA VACA QUE VA PONDRE UN OU!"},"content":{"rendered":"<p style=\"text-align: center;\">L&#8217;Escola Montsant estrena&#8230;<\/p>\n<h3 style=\"text-align: center;\"><span style=\"color: #ff6600;\">LA VACA QUE VA PONDRE UN OU!<\/span>,<\/h3>\n<p style=\"text-align: center;\">una obra representada pel gran equip d&#8217;actrius i actors de la<\/p>\n<h4 style=\"text-align: center;\"><span style=\"color: #ff9900;\">LA CLASSE DE 1r ESTEL! <\/span><\/h4>\n<p style=\"text-align: center;\">Gr\u00e0cies per tota la col\u00b7laboraci\u00f3 a les seves fam\u00edlies i a les mestres Judit Cos i Laura Tricaz.<\/p>\n<p style=\"text-align: center;\">Aquesta obra s&#8217;havia de representar enguany a la <span style=\"color: #008000;\">XXXIX Mostra de Teatre del Baix Camp<\/span>.<\/p>\n<p style=\"text-align: justify;\">La il\u00b7lusi\u00f3 i la decisi\u00f3 de fer-la sempre han estat presents i avui podem fer l&#8217;estrena a trav\u00e9s de la nostra web, d&#8217;una forma alternativa i diferent.<\/p>\n<p style=\"text-align: center;\">Atencioooooooo\u00f3 perqu\u00e8 <span style=\"color: #000080;\">S&#8217;OBRE EL TEL\u00d3!!!<\/span><\/p>\n<p><iframe loading=\"lazy\" title=\"La vaca que va pondre un ou  Classe Estel\" width=\"500\" height=\"281\" src=\"https:\/\/www.youtube.com\/embed\/DZO4TnquyLE?feature=oembed\" frameborder=\"0\" allow=\"accelerometer; autoplay; clipboard-write; encrypted-media; gyroscope; picture-in-picture; web-share\" referrerpolicy=\"strict-origin-when-cross-origin\" allowfullscreen><\/iframe><\/p>\n<p>&nbsp;<\/p>\n","protected":false},"excerpt":{"rendered":"<p>L&#8217;Escola Montsant estrena&#8230;<br \/>\nLA VACA QUE VA PONDRE UN OU!,<br \/>\nuna obra representada pel gran equip d&#8217;actrius i actors de la<br \/>\nLA CLASSE DE 1r ESTEL!<br \/>\nGr\u00e0cies per tota la col\u00b7laboraci\u00f3 a les seves fam\u00edlies i a les mestres Judit Cos i Laura Tricaz.<br \/>\nAquesta obra s&#8217;havia de representar&hellip;  <a href=\"https:\/\/agora.xtec.cat\/ceip-escola-montsant-reus\/general\/la-vaca-que-va-pondre-un-ou\/\" title=\"Read LA VACA QUE VA PONDRE UN OU!\">Llegeix m\u00e9s\u00bb<\/a><\/p>\n","protected":false},"author":1,"featured_media":2005,"comment_status":"open","ping_status":"closed","sticky":false,"template":"","format":"standard","meta":{"_bbp_topic_count":0,"_bbp_reply_count":0,"_bbp_total_topic_count":0,"_bbp_total_reply_count":0,"_bbp_voice_count":0,"_bbp_anonymous_reply_count":0,"_bbp_topic_count_hidden":0,"_bbp_reply_count_hidden":0,"_bbp_forum_subforum_count":0,"footnotes":""},"categories":[59,1,4],"tags":[102,77,103,87],"class_list":["post-2004","post","type-post","status-publish","format-standard","has-post-thumbnail","hentry","category-escola","category-general","category-portada","tag-1r-estel","tag-escola-montsant","tag-mostra-de-teatre","tag-obrelesportesviulapublica"],"post_mailing_queue_ids":[],"_links":{"self":[{"href":"https:\/\/agora.xtec.cat\/ceip-escola-montsant-reus\/wp-json\/wp\/v2\/posts\/2004","targetHints":{"allow":["GET"]}}],"collection":[{"href":"https:\/\/agora.xtec.cat\/ceip-escola-montsant-reus\/wp-json\/wp\/v2\/posts"}],"about":[{"href":"https:\/\/agora.xtec.cat\/ceip-escola-montsant-reus\/wp-json\/wp\/v2\/types\/post"}],"author":[{"embeddable":true,"href":"https:\/\/agora.xtec.cat\/ceip-escola-montsant-reus\/wp-json\/wp\/v2\/users\/1"}],"replies":[{"embeddable":true,"href":"https:\/\/agora.xtec.cat\/ceip-escola-montsant-reus\/wp-json\/wp\/v2\/comments?post=2004"}],"version-history":[{"count":3,"href":"https:\/\/agora.xtec.cat\/ceip-escola-montsant-reus\/wp-json\/wp\/v2\/posts\/2004\/revisions"}],"predecessor-version":[{"id":2031,"href":"https:\/\/agora.xtec.cat\/ceip-escola-montsant-reus\/wp-json\/wp\/v2\/posts\/2004\/revisions\/2031"}],"wp:featuredmedia":[{"embeddable":true,"href":"https:\/\/agora.xtec.cat\/ceip-escola-montsant-reus\/wp-json\/wp\/v2\/media\/2005"}],"wp:attachment":[{"href":"https:\/\/agora.xtec.cat\/ceip-escola-montsant-reus\/wp-json\/wp\/v2\/media?parent=2004"}],"wp:term":[{"taxonomy":"category","embeddable":true,"href":"https:\/\/agora.xtec.cat\/ceip-escola-montsant-reus\/wp-json\/wp\/v2\/categories?post=2004"},{"taxonomy":"post_tag","embeddable":true,"href":"https:\/\/agora.xtec.cat\/ceip-escola-montsant-reus\/wp-json\/wp\/v2\/tags?post=2004"}],"curies":[{"name":"wp","href":"https:\/\/api.w.org\/{rel}","templated":true}]}}