{"id":1963,"date":"2020-06-09T13:00:29","date_gmt":"2020-06-09T11:00:29","guid":{"rendered":"http:\/\/agora.xtec.cat\/ceip-escola-montsant-reus\/?p=1963"},"modified":"2020-07-06T12:06:22","modified_gmt":"2020-07-06T10:06:22","slug":"preinscripcio-2020","status":"publish","type":"post","link":"https:\/\/agora.xtec.cat\/ceip-escola-montsant-reus\/general\/preinscripcio-2020\/","title":{"rendered":"PREINSCRIPCI\u00d3 2020"},"content":{"rendered":"<p>&nbsp;<\/p>\n<p style=\"text-align: center;\"><a href=\"https:\/\/agora.xtec.cat\/ceip-escola-montsant-reus\/wp-content\/uploads\/usu1887\/2020\/05\/preinscripcio20201.jpg\"><img loading=\"lazy\" decoding=\"async\" class=\"alignnone wp-image-1964\" src=\"https:\/\/agora.xtec.cat\/ceip-escola-montsant-reus\/wp-content\/uploads\/usu1887\/2020\/05\/preinscripcio20201.jpg\" alt=\"\" width=\"473\" height=\"184\" srcset=\"https:\/\/agora.xtec.cat\/ceip-escola-montsant-reus\/wp-content\/uploads\/usu1887\/2020\/05\/preinscripcio20201.jpg 584w, https:\/\/agora.xtec.cat\/ceip-escola-montsant-reus\/wp-content\/uploads\/usu1887\/2020\/05\/preinscripcio20201-300x117.jpg 300w\" sizes=\"auto, (max-width: 473px) 100vw, 473px\" \/><\/a><\/p>\n<p>&nbsp;<\/p>\n<p><strong><span style=\"color: #000080;\">OFERTA DE PLACES\u00a0 <\/span><\/strong><img loading=\"lazy\" decoding=\"async\" class=\"alignnone wp-image-2021\" style=\"text-align: center;\" src=\"https:\/\/agora.xtec.cat\/ceip-escola-montsant-reus\/wp-content\/uploads\/usu1887\/2020\/05\/baixa.jpg\" alt=\"\" width=\"59\" height=\"58\" srcset=\"https:\/\/agora.xtec.cat\/ceip-escola-montsant-reus\/wp-content\/uploads\/usu1887\/2020\/05\/baixa.jpg 168w, https:\/\/agora.xtec.cat\/ceip-escola-montsant-reus\/wp-content\/uploads\/usu1887\/2020\/05\/baixa-150x150.jpg 150w\" sizes=\"auto, (max-width: 59px) 100vw, 59px\" \/><\/p>\n<p style=\"text-align: center;\"><a href=\"https:\/\/agora.xtec.cat\/ceip-escola-montsant-reus\/wp-content\/uploads\/usu1887\/2020\/06\/INFORME_OFERTA_OME_INFORME_OFERTA.pdf\">INFORME_OFERTA_OME_INFORME_OFERTA<\/a><\/p>\n<p>&nbsp;<\/p>\n<p style=\"text-align: left;\"><span style=\"color: #0000ff;\"><strong><span style=\"color: #000080;\">INFORME DE BAREM DEFINITIU ORDENAT<\/span><\/strong><\/span><\/p>\n<p style=\"text-align: center;\"><a href=\"https:\/\/agora.xtec.cat\/ceip-escola-montsant-reus\/wp-content\/uploads\/usu1887\/2020\/06\/Montsant_INFORME_BAREM_DEFINITIU_ordenat.pdf\">Montsant_INFORME_BAREM_DEFINITIU_ordenat<\/a><\/p>\n<p>&nbsp;<\/p>\n<h5><span style=\"color: #000080;\"><strong><span style=\"color: #000080;\">INFORME DE BAREM RESOLTES LES RECLAMACIONS:\u00a0<\/span><\/strong><\/span><\/h5>\n<p style=\"text-align: center;\"><a href=\"https:\/\/agora.xtec.cat\/ceip-escola-montsant-reus\/wp-content\/uploads\/usu1887\/2020\/05\/Montsant_INFORME_BAREM_RESOLTES_reclamacions.pdf\">Montsant_INFORME_BAREM_RESOLTES_reclamacions<\/a><\/p>\n<p style=\"text-align: center;\">El n\u00famero de desempat \u00e9s el <strong><span style=\"color: #000080;\">33386<\/span><\/strong><\/p>\n<p>&nbsp;<\/p>\n<h5><span style=\"color: #000080;\"><strong>INFORME DE BAREM PROVISIONAL:<\/strong> <\/span><\/h5>\n<p style=\"text-align: center;\"><a href=\"https:\/\/agora.xtec.cat\/ceip-escola-montsant-reus\/wp-content\/uploads\/usu1887\/2020\/05\/Montsant_INFORME_BAREM_PROVISIONAL_pre_20-21.pdf\">Montsant_INFORME_BAREM_PROVISIONAL_pre_20-21<\/a><\/p>\n<p>&nbsp;<\/p>\n<h5><\/h5>\n<h5><strong><span style=\"color: #000080;\">OFERTA DE PLACES ESCOLA MONTSANT:<\/span><\/strong><\/h5>\n<p>Podeu consultar al seg\u00fcent enlla\u00e7 amb el nostre codi de centre <strong>43007105<\/strong><\/p>\n<p style=\"text-align: center;\"><a href=\"http:\/\/mapaescolar.gencat.cat\/\">http:\/\/mapaescolar.gencat.cat\/<\/a><\/p>\n<p style=\"text-align: center;\">La preinscripci\u00f3 per al curs 2020-2021, ser\u00e0 del <strong>13 al 22 de maig de 2020<\/strong><\/p>\n<p>Per tal de minimitzar la pres\u00e8ncia als centres:<\/p>\n<ul>\n<li>La <strong>primera setmana<\/strong>\u00a0es podr\u00e0 realitzar\u00a0<strong>online.<\/strong><\/li>\n<li>La <b>segona setmana es podr\u00e0 fer online o presencial (de manera excepcional i sempre amb cita pr\u00e8via)<\/b>.<\/li>\n<\/ul>\n<h5><strong><span style=\"color: #000080;\">PREINSCRIPCI\u00d3 TELEM\u00c0TICA:<\/span><\/strong><\/h5>\n<p>Cal que <strong>ompliu la sol\u00b7licitud que trobareu en el seg\u00fcent enlla\u00e7 <a href=\"http:\/\/ensenyament.gencat.cat\/ca\/tramits\/tramits-temes\/20483-obligatoris?moda=1\">http:\/\/ensenyament.gencat.cat\/ca\/tramits\/tramits-temes\/20483-obligatoris?moda=1<\/a><\/strong><\/p>\n<p style=\"text-align: justify;\">Un cop enviada la sol\u00b7licitud, <strong>cal que envieu el resguard<\/strong> <strong>i tota la documentaci\u00f3<\/strong> necess\u00e0ria, escanejada o fotografiada, mitjan\u00e7ant un correu a la b\u00fastia electr\u00f2nica de l&#8217;escola: <strong><span style=\"color: #0000ff;\">e3007105@xtec.cat.<\/span><\/strong><span style=\"color: #000000;\"> Des de l&#8217;escola us contestarem aquest correu justificant la recepci\u00f3 de la sol\u00b7licitud per a qu\u00e8 en tingueu const\u00e0ncia.<\/span><\/p>\n<h5><strong><span style=\"color: #000080;\">PREINSCRIPCI\u00d3 PRESENCIAL:<\/span><\/strong><\/h5>\n<p>Podeu trucar a l&#8217;escola a partir del dia 13, de 9 del mat\u00ed fins la 1, per tal concertar cita pr\u00e8via.<\/p>\n<h3 style=\"text-align: center;\"><span style=\"color: #000080;\"><a href=\"https:\/\/agora.xtec.cat\/ceip-escola-montsant-reus\/wp-content\/uploads\/usu1887\/2020\/05\/icono-telf.png\"><img loading=\"lazy\" decoding=\"async\" class=\"alignnone wp-image-1979\" src=\"https:\/\/agora.xtec.cat\/ceip-escola-montsant-reus\/wp-content\/uploads\/usu1887\/2020\/05\/icono-telf.png\" alt=\"\" width=\"34\" height=\"34\" srcset=\"https:\/\/agora.xtec.cat\/ceip-escola-montsant-reus\/wp-content\/uploads\/usu1887\/2020\/05\/icono-telf.png 225w, https:\/\/agora.xtec.cat\/ceip-escola-montsant-reus\/wp-content\/uploads\/usu1887\/2020\/05\/icono-telf-150x150.png 150w\" sizes=\"auto, (max-width: 34px) 100vw, 34px\" \/> <\/a>977 315 110<\/span><\/h3>\n<p>O b\u00e9, podeu demanar la cita en aquest enlla\u00e7:<\/p>\n<h3 style=\"text-align: center;\"><a style=\"font-size: 1.125em; font-weight: bold;\" href=\"https:\/\/aplicacions.gestioeducativa.gencat.cat\/pls\/apex\/f?p=CITA_PREVIA:4::::4:P4_TIPUS_CALENDARI,P4_DOMINI:01_Oblig,43007105\">CITA PR\u00c8VIA<\/a><\/h3>\n<p>Les <a href=\"https:\/\/agora.xtec.cat\/ceip-escola-montsant-reus\/wp-content\/uploads\/usu1887\/2020\/05\/NORMES.jpg\"><img loading=\"lazy\" decoding=\"async\" class=\"wp-image-1975 alignnone\" src=\"https:\/\/agora.xtec.cat\/ceip-escola-montsant-reus\/wp-content\/uploads\/usu1887\/2020\/05\/NORMES.jpg\" alt=\"\" width=\"129\" height=\"50\" \/> <\/a>\u00a0que cal seguir en aquest cas s\u00f3n les seg\u00fcents:<\/p>\n<ul>\n<li>Al centre ha de venir el menor nombre possible de persones a fer les gestions (preferiblement, una sola persona);<\/li>\n<li>Heu de portar la documentaci\u00f3 per a poder-la escanejar o fotocopiar i, si pot ser, la sol\u00b7licitud emplenada des de casa. En el cas que la sol\u00b7licitud en paper s&#8217;hagi d&#8217;omplir al centre, conv\u00e9 que porteu un bol\u00edgraf;<\/li>\n<li>Recordeu que \u00e9s recomanable portar mascareta i guants<\/li>\n<li>No han d\u2019acudir al centre les persones de grups d&#8217;especial vulnerabilitat o en per\u00edode de confinament, o que presentin s\u00edmptomes; en aquest cas, podeu autoritzar per escrit a una altra persona a portar la sol\u00b7licitud i la documentaci\u00f3.<\/li>\n<\/ul>\n<p>A continuaci\u00f3 trobareu la sol\u00b7licitud de preinscripci\u00f3 que heu d&#8217;imprimir si heu de venir al centre:<\/p>\n<p style=\"text-align: center;\"><a href=\"https:\/\/agora.xtec.cat\/ceip-escola-montsant-reus\/wp-content\/uploads\/usu1887\/2020\/05\/Sol\u00b7licitud-preinscripci\u00f3.pdf\">Descarrega&#8217;t la Sol\u00b7licitud-preinscripci\u00f3<\/a><\/p>\n<p>Informaci\u00f3 que heu d&#8217;adjuntar amb la sol\u00b7licitud de preinscripci\u00f3: (Recordeu que si la feu online, l&#8217;heu d&#8217;enviar al correu de l&#8217;escola).<\/p>\n<ol>\n<li style=\"text-align: justify;\">Original i fotoc\u00f2pia del DNI de la persona sol\u00b7licitant (pare, mare, tutor o tutora o guardador o guardadora de fet) o, si el sol\u00b7licitant \u00e9s estranger, de la targeta de resid\u00e8ncia on consta el NIE o el passaport. Si es tracta d&#8217;estrangers comunitaris, document d&#8217;identitat del pa\u00eds d&#8217;origen.<\/li>\n<li style=\"text-align: justify;\">Quan el domicili habitual que s&#8217;al\u00b7legui no coincideixi amb el del document anterior, s&#8217;acreditar\u00e0 amb el certificat o volant municipal de conviv\u00e8ncia original de l&#8217;alumne, on consti que conviu amb la persona sol\u00b7licitant (si \u00e9s possible, si no es faran les comprovacions pertinents).<\/li>\n<li style=\"text-align: justify;\">Original i fotoc\u00f2pia del llibre de fam\u00edlia o altres documents relatius a la situaci\u00f3 familiar. Si l\u2019infant es troba en situaci\u00f3 d&#8217;acolliment, la resoluci\u00f3 d&#8217;acolliment del Departament de Treball, Afers Socials i Fam\u00edlies.<\/li>\n<li style=\"text-align: justify;\">Original i fotoc\u00f2pia del DNI de l\u2019infant, en el cas que el tingui.<\/li>\n<li style=\"text-align: justify;\">Original i fotoc\u00f2pia dels documents acreditatius dels criteris que s\u2019al\u00b7leguin:<br \/>\n&#8211; carnet de fam\u00edlia nombrosa o monoparental<br \/>\n&#8211; carnet discapacitat de pare\/mare\/germ\u00e0\/alumne<br \/>\n&#8211; certificat de la renda m\u00ednima<\/li>\n<\/ol>\n<p>* L\u2019alumnat de 6\u00e8, per fer la preinscripci\u00f3 a l\u2019institut, ha de tenir l\u2019IDALU (identificador\u00a0 de l\u2019alumne) que es demana en el moment de fer-la. Aquest n\u00ba IDALU ja us el vam lliurar fa un temps en un certificat per\u00f2 tamb\u00e9 el\u00a0 trobareu escrit als informes de les notes, al costat del &#8220;nom de l&#8217;alumne&#8221;.<\/p>\n<p>Qualsevol dubte, ens el podeu fer arribar al correu de l\u2019escola: <span style=\"color: #000080;\">e3007105@xtec.cat<\/span><\/p>\n","protected":false},"excerpt":{"rendered":"<p>&nbsp;<br \/>\n<a href=\"https:\/\/agora.xtec.cat\/ceip-escola-montsant-reus\/wp-content\/uploads\/usu1887\/2020\/05\/preinscripcio20201.jpg\"><\/a><br \/>\n&nbsp;<br \/>\nOFERTA DE PLACES\u00a0<br \/>\n<a href=\"https:\/\/agora.xtec.cat\/ceip-escola-montsant-reus\/wp-content\/uploads\/usu1887\/2020\/06\/INFORME_OFERTA_OME_INFORME_OFERTA.pdf\">INFORME_OFERTA_OME_INFORME_OFERTA<\/a><br \/>\n&nbsp;<br \/>\nINFORME DE BAREM DEFINITIU ORDENAT<br \/>\n<a href=\"https:\/\/agora.xtec.cat\/ceip-escola-montsant-reus\/wp-content\/uploads\/usu1887\/2020\/06\/Montsant_INFORME_BAREM_DEFINITIU_ordenat.pdf\">Montsant_INFORME_BAREM_DEFINITIU_ordenat<\/a><br \/>\n&nbsp;<br \/>\nINFORME DE BAREM RESOLTES LES RECLAMACIONS:\u00a0<br \/>\n<a href=\"https:\/\/agora.xtec.cat\/ceip-escola-montsant-reus\/wp-content\/uploads\/usu1887\/2020\/05\/Montsant_INFORME_BAREM_RESOLTES_reclamacions.pdf\">Montsant_INFORME_BAREM_RESOLTES_reclamacions<\/a><br \/>\nEl n\u00famero de desempat \u00e9s el 33386<br \/>\n&nbsp;<br \/>\nINFORME DE BAREM PROVISIONAL:<br \/>\n<a href=\"https:\/\/agora.xtec.cat\/ceip-escola-montsant-reus\/wp-content\/uploads\/usu1887\/2020\/05\/Montsant_INFORME_BAREM_PROVISIONAL_pre_20-21.pdf\">Montsant_INFORME_BAREM_PROVISIONAL_pre_20-21<\/a><br \/>\n&nbsp;<\/p>\n<p>OFERTA DE PLACES ESCOLA MONTSANT:<br \/>\nPodeu consultar al seg\u00fcent enlla\u00e7 amb el nostre codi de centre 43007105<br \/>\n<a href=\"http:\/\/mapaescolar.gencat.cat\/\">http:\/\/mapaescolar.gencat.cat\/<\/a><br \/>\nLa preinscripci\u00f3&hellip;  <a href=\"https:\/\/agora.xtec.cat\/ceip-escola-montsant-reus\/general\/preinscripcio-2020\/\" title=\"Read PREINSCRIPCI\u00d3 2020\">Llegeix m\u00e9s\u00bb<\/a><\/p>\n","protected":false},"author":1,"featured_media":1964,"comment_status":"open","ping_status":"closed","sticky":false,"template":"","format":"standard","meta":{"_bbp_topic_count":0,"_bbp_reply_count":0,"_bbp_total_topic_count":0,"_bbp_total_reply_count":0,"_bbp_voice_count":0,"_bbp_anonymous_reply_count":0,"_bbp_topic_count_hidden":0,"_bbp_reply_count_hidden":0,"_bbp_forum_subforum_count":0,"footnotes":""},"categories":[59,1,4],"tags":[77,87,91],"class_list":["post-1963","post","type-post","status-publish","format-standard","has-post-thumbnail","hentry","category-escola","category-general","category-portada","tag-escola-montsant","tag-obrelesportesviulapublica","tag-preinscripcio-2020"],"post_mailing_queue_ids":[],"_links":{"self":[{"href":"https:\/\/agora.xtec.cat\/ceip-escola-montsant-reus\/wp-json\/wp\/v2\/posts\/1963","targetHints":{"allow":["GET"]}}],"collection":[{"href":"https:\/\/agora.xtec.cat\/ceip-escola-montsant-reus\/wp-json\/wp\/v2\/posts"}],"about":[{"href":"https:\/\/agora.xtec.cat\/ceip-escola-montsant-reus\/wp-json\/wp\/v2\/types\/post"}],"author":[{"embeddable":true,"href":"https:\/\/agora.xtec.cat\/ceip-escola-montsant-reus\/wp-json\/wp\/v2\/users\/1"}],"replies":[{"embeddable":true,"href":"https:\/\/agora.xtec.cat\/ceip-escola-montsant-reus\/wp-json\/wp\/v2\/comments?post=1963"}],"version-history":[{"count":4,"href":"https:\/\/agora.xtec.cat\/ceip-escola-montsant-reus\/wp-json\/wp\/v2\/posts\/1963\/revisions"}],"predecessor-version":[{"id":2140,"href":"https:\/\/agora.xtec.cat\/ceip-escola-montsant-reus\/wp-json\/wp\/v2\/posts\/1963\/revisions\/2140"}],"wp:featuredmedia":[{"embeddable":true,"href":"https:\/\/agora.xtec.cat\/ceip-escola-montsant-reus\/wp-json\/wp\/v2\/media\/1964"}],"wp:attachment":[{"href":"https:\/\/agora.xtec.cat\/ceip-escola-montsant-reus\/wp-json\/wp\/v2\/media?parent=1963"}],"wp:term":[{"taxonomy":"category","embeddable":true,"href":"https:\/\/agora.xtec.cat\/ceip-escola-montsant-reus\/wp-json\/wp\/v2\/categories?post=1963"},{"taxonomy":"post_tag","embeddable":true,"href":"https:\/\/agora.xtec.cat\/ceip-escola-montsant-reus\/wp-json\/wp\/v2\/tags?post=1963"}],"curies":[{"name":"wp","href":"https:\/\/api.w.org\/{rel}","templated":true}]}}