{"id":1881,"date":"2020-04-23T12:23:58","date_gmt":"2020-04-23T10:23:58","guid":{"rendered":"http:\/\/agora.xtec.cat\/ceip-escola-montsant-reus\/?p=1881"},"modified":"2020-04-23T12:25:42","modified_gmt":"2020-04-23T10:25:42","slug":"sant-jordi-2020","status":"publish","type":"post","link":"https:\/\/agora.xtec.cat\/ceip-escola-montsant-reus\/general\/sant-jordi-2020\/","title":{"rendered":"FELI\u00c7 SANT JORDI 2020"},"content":{"rendered":"<p><img loading=\"lazy\" decoding=\"async\" class=\"wp-image-1883 aligncenter\" src=\"https:\/\/agora.xtec.cat\/ceip-escola-montsant-reus\/wp-content\/uploads\/usu1887\/2020\/04\/Rosa-Sant-Jordi-1-551x1024.jpg\" alt=\"\" width=\"202\" height=\"375\" srcset=\"https:\/\/agora.xtec.cat\/ceip-escola-montsant-reus\/wp-content\/uploads\/usu1887\/2020\/04\/Rosa-Sant-Jordi-1-551x1024.jpg 551w, https:\/\/agora.xtec.cat\/ceip-escola-montsant-reus\/wp-content\/uploads\/usu1887\/2020\/04\/Rosa-Sant-Jordi-1-161x300.jpg 161w, https:\/\/agora.xtec.cat\/ceip-escola-montsant-reus\/wp-content\/uploads\/usu1887\/2020\/04\/Rosa-Sant-Jordi-1.jpg 731w\" sizes=\"auto, (max-width: 202px) 100vw, 202px\" \/><\/p>\n<h2 style=\"text-align: center;\"><span style=\"color: #ff0000;\">F<\/span><span style=\"color: #ffff00;\">E<span style=\"color: #ff0000;\">L<\/span>I<\/span><span style=\"color: #ff0000;\">\u00c7<\/span> <span style=\"color: #ffff00;\">S<\/span><span style=\"color: #ff0000;\">A<\/span><span style=\"color: #ffff00;\">N<\/span><span style=\"color: #ff0000;\">T<\/span> <span style=\"color: #ffff00;\">J<\/span><span style=\"color: #ff0000;\">O<\/span><span style=\"color: #ffff00;\">R<\/span><span style=\"color: #ff0000;\">D<\/span><span style=\"color: #ffff00;\">I<\/span> <span style=\"color: #ff0000;\">2<\/span><span style=\"color: #ffff00;\">0<span style=\"color: #ff0000;\">2<\/span>0<\/span><\/h2>\n<p style=\"text-align: center;\"><a href=\"https:\/\/agora.xtec.cat\/ceip-escola-montsant-reus\/wp-content\/uploads\/usu1887\/2020\/04\/Conte-regal-del-mestres.pdf\">Descarrega&#8217;t el Conte regal del mestres<\/a><\/p>\n<p style=\"text-align: center;\"><a href=\"https:\/\/agora.xtec.cat\/ceip-escola-montsant-reus\/wp-content\/uploads\/usu1887\/2020\/04\/Conte-amb-Pictos.pdf\">Descarrega&#8217;t el Conte amb Pictos<\/a><\/p>\n<p style=\"font-weight: 400;\">L&#8217;equip de mestres us vol regalar una rosa i un conte on els protagonistes s\u00f3n els vostres fills i filles, per tal que tinguin l\u2019escola una mica m\u00e9s a prop. Us afegim la versi\u00f3 amb pictos, per si alg\u00fa la necessita com a suport per explicar el conte.<\/p>\n<p style=\"font-weight: 400;\">Us demanem un parell de cosetes:<\/p>\n<p style=\"font-weight: 400;\">&#8211;\u00a0 \u00a0 Que penseu un t\u00edtol per al conte. Si voleu, el podeu decorar.<\/p>\n<p style=\"font-weight: 400;\">&#8211;\u00a0\u00a0\u00a0\u00a0Que feu un dibuix, ben pintat, de l&#8217;apartat on surt la vostra classe o un de la geganta.<\/p>\n<p style=\"font-weight: 400;\">Aquests documents els heu d\u2019enviar als tutors. Intenteu que tinguin una bona qualitat. Si \u00e9s possible escanejeu-les. S\u00f3n dos arxius (un amb el t\u00edtol i un altre amb el dibuix).<\/p>\n<p style=\"font-weight: 400;\">Necessitem que ens ho envieu abans del 29 d\u2019abril.<\/p>\n<p style=\"font-weight: 400;\">L\u2019alumnat de\u00a0<strong>P-3 fins a 3r<\/strong>\u00a0l\u2019enviar\u00e0 al\u00a0<strong>correu electr\u00f2nic<\/strong>\u00a0del seu tutor.<\/p>\n<p style=\"font-weight: 400;\">L\u2019alumnat de\u00a0<strong>4t a 6\u00e8<\/strong>, el penjar\u00e0 al seu\u00a0<strong>Classroom<\/strong>.<\/p>\n","protected":false},"excerpt":{"rendered":"<p>FELI\u00c7 SANT JORDI 2020<br \/>\n<a href=\"https:\/\/agora.xtec.cat\/ceip-escola-montsant-reus\/wp-content\/uploads\/usu1887\/2020\/04\/Conte-regal-del-mestres.pdf\">Descarrega&#8217;t el Conte regal del mestres<\/a><br \/>\n<a href=\"https:\/\/agora.xtec.cat\/ceip-escola-montsant-reus\/wp-content\/uploads\/usu1887\/2020\/04\/Conte-amb-Pictos.pdf\">Descarrega&#8217;t el Conte amb Pictos<\/a><br \/>\nL&#8217;equip de mestres us vol regalar una rosa i un conte on els protagonistes s\u00f3n els vostres fills i filles, per tal que tinguin l\u2019escola una mica m\u00e9s a prop. Us&hellip;  <a href=\"https:\/\/agora.xtec.cat\/ceip-escola-montsant-reus\/general\/sant-jordi-2020\/\" title=\"Read FELI\u00c7 SANT JORDI 2020\">Llegeix m\u00e9s\u00bb<\/a><\/p>\n","protected":false},"author":1,"featured_media":1883,"comment_status":"open","ping_status":"closed","sticky":false,"template":"","format":"standard","meta":{"_bbp_topic_count":0,"_bbp_reply_count":0,"_bbp_total_topic_count":0,"_bbp_total_reply_count":0,"_bbp_voice_count":0,"_bbp_anonymous_reply_count":0,"_bbp_topic_count_hidden":0,"_bbp_reply_count_hidden":0,"_bbp_forum_subforum_count":0,"footnotes":""},"categories":[59,1,4],"tags":[77,87,101],"class_list":["post-1881","post","type-post","status-publish","format-standard","has-post-thumbnail","hentry","category-escola","category-general","category-portada","tag-escola-montsant","tag-obrelesportesviulapublica","tag-sant-jordi-2020"],"post_mailing_queue_ids":[],"_links":{"self":[{"href":"https:\/\/agora.xtec.cat\/ceip-escola-montsant-reus\/wp-json\/wp\/v2\/posts\/1881","targetHints":{"allow":["GET"]}}],"collection":[{"href":"https:\/\/agora.xtec.cat\/ceip-escola-montsant-reus\/wp-json\/wp\/v2\/posts"}],"about":[{"href":"https:\/\/agora.xtec.cat\/ceip-escola-montsant-reus\/wp-json\/wp\/v2\/types\/post"}],"author":[{"embeddable":true,"href":"https:\/\/agora.xtec.cat\/ceip-escola-montsant-reus\/wp-json\/wp\/v2\/users\/1"}],"replies":[{"embeddable":true,"href":"https:\/\/agora.xtec.cat\/ceip-escola-montsant-reus\/wp-json\/wp\/v2\/comments?post=1881"}],"version-history":[{"count":2,"href":"https:\/\/agora.xtec.cat\/ceip-escola-montsant-reus\/wp-json\/wp\/v2\/posts\/1881\/revisions"}],"predecessor-version":[{"id":1887,"href":"https:\/\/agora.xtec.cat\/ceip-escola-montsant-reus\/wp-json\/wp\/v2\/posts\/1881\/revisions\/1887"}],"wp:featuredmedia":[{"embeddable":true,"href":"https:\/\/agora.xtec.cat\/ceip-escola-montsant-reus\/wp-json\/wp\/v2\/media\/1883"}],"wp:attachment":[{"href":"https:\/\/agora.xtec.cat\/ceip-escola-montsant-reus\/wp-json\/wp\/v2\/media?parent=1881"}],"wp:term":[{"taxonomy":"category","embeddable":true,"href":"https:\/\/agora.xtec.cat\/ceip-escola-montsant-reus\/wp-json\/wp\/v2\/categories?post=1881"},{"taxonomy":"post_tag","embeddable":true,"href":"https:\/\/agora.xtec.cat\/ceip-escola-montsant-reus\/wp-json\/wp\/v2\/tags?post=1881"}],"curies":[{"name":"wp","href":"https:\/\/api.w.org\/{rel}","templated":true}]}}