{"id":1400,"date":"2019-11-25T07:22:36","date_gmt":"2019-11-25T06:22:36","guid":{"rendered":"http:\/\/agora.xtec.cat\/ceip-escola-montsant-reus\/?p=1400"},"modified":"2019-11-25T07:32:16","modified_gmt":"2019-11-25T06:32:16","slug":"lescola-montsant-centre-referent-en-educacio-i-drets-dinfancia","status":"publish","type":"post","link":"https:\/\/agora.xtec.cat\/ceip-escola-montsant-reus\/general\/lescola-montsant-centre-referent-en-educacio-i-drets-dinfancia\/","title":{"rendered":"L&#8217;Escola Montsant, centre referent en educaci\u00f3 i drets d&#8217;inf\u00e0ncia"},"content":{"rendered":"<div><a href=\"https:\/\/agora.xtec.cat\/ceip-escola-montsant-reus\/wp-content\/uploads\/usu1887\/2019\/11\/unicef-1.jpg\"><img loading=\"lazy\" decoding=\"async\" class=\"wp-image-1404 aligncenter\" src=\"https:\/\/agora.xtec.cat\/ceip-escola-montsant-reus\/wp-content\/uploads\/usu1887\/2019\/11\/unicef-1-1024x455.jpg\" alt=\"\" width=\"434\" height=\"193\" srcset=\"https:\/\/agora.xtec.cat\/ceip-escola-montsant-reus\/wp-content\/uploads\/usu1887\/2019\/11\/unicef-1-1024x455.jpg 1024w, https:\/\/agora.xtec.cat\/ceip-escola-montsant-reus\/wp-content\/uploads\/usu1887\/2019\/11\/unicef-1-300x133.jpg 300w, https:\/\/agora.xtec.cat\/ceip-escola-montsant-reus\/wp-content\/uploads\/usu1887\/2019\/11\/unicef-1-768x341.jpg 768w, https:\/\/agora.xtec.cat\/ceip-escola-montsant-reus\/wp-content\/uploads\/usu1887\/2019\/11\/unicef-1.jpg 2048w\" sizes=\"auto, (max-width: 434px) 100vw, 434px\" \/><\/a><\/div>\n<div><\/div>\n<div class=\"gmail_default\">Benvolgudes fam\u00edlies,<\/div>\n<div class=\"gmail_default\"><\/div>\n<div class=\"gmail_default\">\u00c9s un orgull comunicar-vos que l&#8217;Escola Montsant ha estat reconeguda com a centre referent en Educaci\u00f3 i en Drets d&#8217;Inf\u00e0ncia.<\/div>\n<div class=\"gmail_default\"><\/div>\n<div class=\"gmail_default\">Volem compartir aquest reconeixement amb tots vosaltres, sense el suport i acompanyament de les fam\u00edlies no hagu\u00e9s estat possible.<\/div>\n<div class=\"gmail_default\"><\/div>\n<div class=\"gmail_default\">Felicitem tamb\u00e9 a les escoles Rosa Sensat i General Prim, que tamb\u00e9 han obtingut aquesta menci\u00f3.<\/div>\n<div class=\"gmail_default\"><\/div>\n<div class=\"gmail_default\">Enhorabona a tots!!!<\/div>\n<p>&nbsp;<\/p>\n<p><a href=\"https:\/\/agora.xtec.cat\/ceip-escola-montsant-reus\/wp-content\/uploads\/usu1887\/2019\/11\/UNICEF-Comit\u00e8-Catalunya.-Reconeixement-descoles-referents-en-Drets-dInf\u00e0ncia.pdf\">Descarrega&#8217;t la nota de premsa UNICEF Comit\u00e8 Catalunya. Reconeixement d&#8217;escoles referents en Drets d&#8217;Inf\u00e0ncia<\/a><\/p>\n","protected":false},"excerpt":{"rendered":"<p><a href=\"https:\/\/agora.xtec.cat\/ceip-escola-montsant-reus\/wp-content\/uploads\/usu1887\/2019\/11\/unicef-1.jpg\"><\/a><\/p>\n<p>Benvolgudes fam\u00edlies,<\/p>\n<p>\u00c9s un orgull comunicar-vos que l&#8217;Escola Montsant ha estat reconeguda com a centre referent en Educaci\u00f3 i en Drets d&#8217;Inf\u00e0ncia.<\/p>\n<p>Volem compartir aquest reconeixement amb tots vosaltres, sense el suport i acompanyament de les fam\u00edlies no hagu\u00e9s estat possible.<\/p>\n<p>Felicitem tamb\u00e9 a les escoles Rosa&hellip;  <a href=\"https:\/\/agora.xtec.cat\/ceip-escola-montsant-reus\/general\/lescola-montsant-centre-referent-en-educacio-i-drets-dinfancia\/\" title=\"Read L&#8217;Escola Montsant, centre referent en educaci\u00f3 i drets d&#8217;inf\u00e0ncia\">Llegeix m\u00e9s\u00bb<\/a><\/p>\n","protected":false},"author":1,"featured_media":1404,"comment_status":"open","ping_status":"closed","sticky":false,"template":"","format":"standard","meta":{"_bbp_topic_count":0,"_bbp_reply_count":0,"_bbp_total_topic_count":0,"_bbp_total_reply_count":0,"_bbp_voice_count":0,"_bbp_anonymous_reply_count":0,"_bbp_topic_count_hidden":0,"_bbp_reply_count_hidden":0,"_bbp_forum_subforum_count":0,"footnotes":""},"categories":[59,1,4],"tags":[72,70,71],"class_list":["post-1400","post","type-post","status-publish","format-standard","has-post-thumbnail","hentry","category-escola","category-general","category-portada","tag-dretsinfancia","tag-escolamontsant","tag-unicef"],"post_mailing_queue_ids":[],"_links":{"self":[{"href":"https:\/\/agora.xtec.cat\/ceip-escola-montsant-reus\/wp-json\/wp\/v2\/posts\/1400","targetHints":{"allow":["GET"]}}],"collection":[{"href":"https:\/\/agora.xtec.cat\/ceip-escola-montsant-reus\/wp-json\/wp\/v2\/posts"}],"about":[{"href":"https:\/\/agora.xtec.cat\/ceip-escola-montsant-reus\/wp-json\/wp\/v2\/types\/post"}],"author":[{"embeddable":true,"href":"https:\/\/agora.xtec.cat\/ceip-escola-montsant-reus\/wp-json\/wp\/v2\/users\/1"}],"replies":[{"embeddable":true,"href":"https:\/\/agora.xtec.cat\/ceip-escola-montsant-reus\/wp-json\/wp\/v2\/comments?post=1400"}],"version-history":[{"count":3,"href":"https:\/\/agora.xtec.cat\/ceip-escola-montsant-reus\/wp-json\/wp\/v2\/posts\/1400\/revisions"}],"predecessor-version":[{"id":1407,"href":"https:\/\/agora.xtec.cat\/ceip-escola-montsant-reus\/wp-json\/wp\/v2\/posts\/1400\/revisions\/1407"}],"wp:featuredmedia":[{"embeddable":true,"href":"https:\/\/agora.xtec.cat\/ceip-escola-montsant-reus\/wp-json\/wp\/v2\/media\/1404"}],"wp:attachment":[{"href":"https:\/\/agora.xtec.cat\/ceip-escola-montsant-reus\/wp-json\/wp\/v2\/media?parent=1400"}],"wp:term":[{"taxonomy":"category","embeddable":true,"href":"https:\/\/agora.xtec.cat\/ceip-escola-montsant-reus\/wp-json\/wp\/v2\/categories?post=1400"},{"taxonomy":"post_tag","embeddable":true,"href":"https:\/\/agora.xtec.cat\/ceip-escola-montsant-reus\/wp-json\/wp\/v2\/tags?post=1400"}],"curies":[{"name":"wp","href":"https:\/\/api.w.org\/{rel}","templated":true}]}}