{"id":1383,"date":"2019-11-14T17:12:26","date_gmt":"2019-11-14T16:12:26","guid":{"rendered":"http:\/\/agora.xtec.cat\/ceip-escola-montsant-reus\/?p=1383"},"modified":"2019-11-15T07:03:56","modified_gmt":"2019-11-15T06:03:56","slug":"setmana-de-la-musica","status":"publish","type":"post","link":"https:\/\/agora.xtec.cat\/ceip-escola-montsant-reus\/general\/setmana-de-la-musica\/","title":{"rendered":"Setmana de la m\u00fasica"},"content":{"rendered":"<p>Del 19 al 21 de novembre celebrarem la setmana de la m\u00fasica. La m\u00fasica envair\u00e0 l&#8217;escola a trav\u00e9s de les veus i els instruments dels nostres alumnes, dels mestres i de les fam\u00edlies. Esperem la vostra col\u00b7laboraci\u00f3 el dia de la marat\u00f3 musical.<\/p>\n<p>Tal com va dir Fiedrich Nietzsche&#8230; <strong><span style=\"color: #0000ff;\">La vida sense m\u00fasica seria un error.<\/span><\/strong><\/p>\n<p><a href=\"https:\/\/agora.xtec.cat\/ceip-escola-montsant-reus\/wp-content\/uploads\/usu1887\/2019\/11\/Santa-Ceci19.png\"><img loading=\"lazy\" decoding=\"async\" class=\"alignnone size-full wp-image-1386\" src=\"https:\/\/agora.xtec.cat\/ceip-escola-montsant-reus\/wp-content\/uploads\/usu1887\/2019\/11\/Santa-Ceci19.png\" alt=\"\" width=\"641\" height=\"909\" srcset=\"https:\/\/agora.xtec.cat\/ceip-escola-montsant-reus\/wp-content\/uploads\/usu1887\/2019\/11\/Santa-Ceci19.png 641w, https:\/\/agora.xtec.cat\/ceip-escola-montsant-reus\/wp-content\/uploads\/usu1887\/2019\/11\/Santa-Ceci19-212x300.png 212w\" sizes=\"auto, (max-width: 641px) 100vw, 641px\" \/><\/a><\/p>\n","protected":false},"excerpt":{"rendered":"<p>Del 19 al 21 de novembre celebrarem la setmana de la m\u00fasica. La m\u00fasica envair\u00e0 l&#8217;escola a trav\u00e9s de les veus i els instruments dels nostres alumnes, dels mestres i de les fam\u00edlies. Esperem la vostra col\u00b7laboraci\u00f3 el dia de la marat\u00f3 musical.<br \/>\nTal com va&hellip;  <a href=\"https:\/\/agora.xtec.cat\/ceip-escola-montsant-reus\/general\/setmana-de-la-musica\/\" title=\"Read Setmana de la m\u00fasica\">Llegeix m\u00e9s\u00bb<\/a><\/p>\n","protected":false},"author":1,"featured_media":1386,"comment_status":"open","ping_status":"closed","sticky":false,"template":"","format":"standard","meta":{"_bbp_topic_count":0,"_bbp_reply_count":0,"_bbp_total_topic_count":0,"_bbp_total_reply_count":0,"_bbp_voice_count":0,"_bbp_anonymous_reply_count":0,"_bbp_topic_count_hidden":0,"_bbp_reply_count_hidden":0,"_bbp_forum_subforum_count":0,"footnotes":""},"categories":[59,1,4],"tags":[],"class_list":["post-1383","post","type-post","status-publish","format-standard","has-post-thumbnail","hentry","category-escola","category-general","category-portada"],"post_mailing_queue_ids":[],"_links":{"self":[{"href":"https:\/\/agora.xtec.cat\/ceip-escola-montsant-reus\/wp-json\/wp\/v2\/posts\/1383","targetHints":{"allow":["GET"]}}],"collection":[{"href":"https:\/\/agora.xtec.cat\/ceip-escola-montsant-reus\/wp-json\/wp\/v2\/posts"}],"about":[{"href":"https:\/\/agora.xtec.cat\/ceip-escola-montsant-reus\/wp-json\/wp\/v2\/types\/post"}],"author":[{"embeddable":true,"href":"https:\/\/agora.xtec.cat\/ceip-escola-montsant-reus\/wp-json\/wp\/v2\/users\/1"}],"replies":[{"embeddable":true,"href":"https:\/\/agora.xtec.cat\/ceip-escola-montsant-reus\/wp-json\/wp\/v2\/comments?post=1383"}],"version-history":[{"count":3,"href":"https:\/\/agora.xtec.cat\/ceip-escola-montsant-reus\/wp-json\/wp\/v2\/posts\/1383\/revisions"}],"predecessor-version":[{"id":1393,"href":"https:\/\/agora.xtec.cat\/ceip-escola-montsant-reus\/wp-json\/wp\/v2\/posts\/1383\/revisions\/1393"}],"wp:featuredmedia":[{"embeddable":true,"href":"https:\/\/agora.xtec.cat\/ceip-escola-montsant-reus\/wp-json\/wp\/v2\/media\/1386"}],"wp:attachment":[{"href":"https:\/\/agora.xtec.cat\/ceip-escola-montsant-reus\/wp-json\/wp\/v2\/media?parent=1383"}],"wp:term":[{"taxonomy":"category","embeddable":true,"href":"https:\/\/agora.xtec.cat\/ceip-escola-montsant-reus\/wp-json\/wp\/v2\/categories?post=1383"},{"taxonomy":"post_tag","embeddable":true,"href":"https:\/\/agora.xtec.cat\/ceip-escola-montsant-reus\/wp-json\/wp\/v2\/tags?post=1383"}],"curies":[{"name":"wp","href":"https:\/\/api.w.org\/{rel}","templated":true}]}}