{"id":1344,"date":"2019-11-09T09:50:27","date_gmt":"2019-11-09T08:50:27","guid":{"rendered":"http:\/\/agora.xtec.cat\/ceip-escola-montsant-reus\/?p=1344"},"modified":"2019-11-09T09:51:04","modified_gmt":"2019-11-09T08:51:04","slug":"castanyada-19","status":"publish","type":"post","link":"https:\/\/agora.xtec.cat\/ceip-escola-montsant-reus\/portada\/castanyada-19\/","title":{"rendered":"CASTANYADA 19"},"content":{"rendered":"<p>Aquests dies hem celebrat la castanyada i la tardor a l&#8217;escola. Rifa de panellets, cantada de tardor, titelles, castanyes per l&#8217;alumnat, teatre&#8230; Les tradicions ens ajuden a cr\u00e9ixer, con\u00e8ixer i estimar la nostra hist\u00f2ria i cultura.<\/p>\n<p>Podeu veure les fotos a:<\/p>\n<p><a href=\"https:\/\/photos.app.goo.gl\/Wmpv32G26w4Srwx9A\">https:\/\/photos.app.goo.gl\/Wmpv32G26w4Srwx9A<\/a><\/p>\n<p>&nbsp;<\/p>\n<p>&nbsp;<\/p>\n","protected":false},"excerpt":{"rendered":"<p>Aquests dies hem celebrat la castanyada i la tardor a l&#8217;escola. Rifa de panellets, cantada de tardor, titelles, castanyes per l&#8217;alumnat, teatre&#8230; Les tradicions ens ajuden a cr\u00e9ixer, con\u00e8ixer i estimar la nostra hist\u00f2ria i cultura.<br \/>\nPodeu veure les fotos a:<br \/>\n<a href=\"https:\/\/photos.app.goo.gl\/Wmpv32G26w4Srwx9A\">https:\/\/photos.app.goo.gl\/Wmpv32G26w4Srwx9A<\/a><br \/>\n&nbsp;<br \/>\n&nbsp;<\/p>\n","protected":false},"author":1,"featured_media":1345,"comment_status":"open","ping_status":"closed","sticky":false,"template":"","format":"standard","meta":{"_bbp_topic_count":0,"_bbp_reply_count":0,"_bbp_total_topic_count":0,"_bbp_total_reply_count":0,"_bbp_voice_count":0,"_bbp_anonymous_reply_count":0,"_bbp_topic_count_hidden":0,"_bbp_reply_count_hidden":0,"_bbp_forum_subforum_count":0,"footnotes":""},"categories":[59,4],"tags":[],"class_list":["post-1344","post","type-post","status-publish","format-standard","has-post-thumbnail","hentry","category-escola","category-portada"],"post_mailing_queue_ids":[],"_links":{"self":[{"href":"https:\/\/agora.xtec.cat\/ceip-escola-montsant-reus\/wp-json\/wp\/v2\/posts\/1344","targetHints":{"allow":["GET"]}}],"collection":[{"href":"https:\/\/agora.xtec.cat\/ceip-escola-montsant-reus\/wp-json\/wp\/v2\/posts"}],"about":[{"href":"https:\/\/agora.xtec.cat\/ceip-escola-montsant-reus\/wp-json\/wp\/v2\/types\/post"}],"author":[{"embeddable":true,"href":"https:\/\/agora.xtec.cat\/ceip-escola-montsant-reus\/wp-json\/wp\/v2\/users\/1"}],"replies":[{"embeddable":true,"href":"https:\/\/agora.xtec.cat\/ceip-escola-montsant-reus\/wp-json\/wp\/v2\/comments?post=1344"}],"version-history":[{"count":1,"href":"https:\/\/agora.xtec.cat\/ceip-escola-montsant-reus\/wp-json\/wp\/v2\/posts\/1344\/revisions"}],"predecessor-version":[{"id":1346,"href":"https:\/\/agora.xtec.cat\/ceip-escola-montsant-reus\/wp-json\/wp\/v2\/posts\/1344\/revisions\/1346"}],"wp:featuredmedia":[{"embeddable":true,"href":"https:\/\/agora.xtec.cat\/ceip-escola-montsant-reus\/wp-json\/wp\/v2\/media\/1345"}],"wp:attachment":[{"href":"https:\/\/agora.xtec.cat\/ceip-escola-montsant-reus\/wp-json\/wp\/v2\/media?parent=1344"}],"wp:term":[{"taxonomy":"category","embeddable":true,"href":"https:\/\/agora.xtec.cat\/ceip-escola-montsant-reus\/wp-json\/wp\/v2\/categories?post=1344"},{"taxonomy":"post_tag","embeddable":true,"href":"https:\/\/agora.xtec.cat\/ceip-escola-montsant-reus\/wp-json\/wp\/v2\/tags?post=1344"}],"curies":[{"name":"wp","href":"https:\/\/api.w.org\/{rel}","templated":true}]}}