{"id":1307,"date":"2019-11-01T16:07:24","date_gmt":"2019-11-01T15:07:24","guid":{"rendered":"http:\/\/agora.xtec.cat\/ceip-escola-montsant-reus\/?p=1307"},"modified":"2019-11-09T10:00:02","modified_gmt":"2019-11-09T09:00:02","slug":"canicross","status":"publish","type":"post","link":"https:\/\/agora.xtec.cat\/ceip-escola-montsant-reus\/general\/canicross\/","title":{"rendered":"CANICR\u00d2S MEMORIAL ALBA CHAC\u00d3N"},"content":{"rendered":"<p>Els dies 25 i 29 d&#8217;octubre, van venir membres del col\u00b7lectiu <em>Canicr\u00f2s Memorial Alba Chac\u00f3n<\/em> per conscienciar-nos sobretot de la import\u00e0ncia de tenir cura dels animals i dels beneficis d&#8217;aquest esport conjunt entre gos i persona. L&#8217;alumnat de 3r a 6\u00e8 ha va poder gaudir d&#8217;unes sessions pr\u00e0ctiques molt ben dirigides pel Joaqu\u00edn P\u00e9rez, membre d&#8217;aquest col\u00b7lectiu, i els seus gossos: .Gaus, Sheldon, Trufa i Boira. Va ser una gran experi\u00e8ncia!<\/p>\n<p>Aqu\u00ed teniu un enlla\u00e7 del Canicr\u00f2s Memorial Alba Chac\u00f3n per si en voleu con\u00e8ixer m\u00e9s, i apuntar-vos al canicr\u00f2s que es far\u00e0 a Reus el proper 24 de novembre:<\/p>\n<p><a href=\"http:\/\/www.memorialalbachacon.com\/\">http:\/\/www.memorialalbachacon.com\/<\/a><\/p>\n<p>Tamb\u00e9 us deixem algunes imatges:<\/p>\n<p><a href=\"https:\/\/photos.app.goo.gl\/Hqw82tCJhnP5Beaq8\">https:\/\/photos.app.goo.gl\/Hqw82tCJhnP5Beaq8<\/a><\/p>\n<p>i el v\u00eddeo de la not\u00edcia que va fer Canal Reus TV:<\/p>\n<p><iframe loading=\"lazy\" src=\"https:\/\/www.youtube.com\/embed\/AmPPycshb_k\" width=\"560\" height=\"315\" frameborder=\"0\" allowfullscreen=\"allowfullscreen\"><\/iframe><\/p>\n<p>&nbsp;<\/p>\n<p>&nbsp;<\/p>\n<p>&nbsp;<\/p>\n","protected":false},"excerpt":{"rendered":"<p>Els dies 25 i 29 d&#8217;octubre, van venir membres del col\u00b7lectiu Canicr\u00f2s Memorial Alba Chac\u00f3n per conscienciar-nos sobretot de la import\u00e0ncia de tenir cura dels animals i dels beneficis d&#8217;aquest esport conjunt entre gos i persona. L&#8217;alumnat de 3r a 6\u00e8 ha va poder gaudir&hellip;  <a href=\"https:\/\/agora.xtec.cat\/ceip-escola-montsant-reus\/general\/canicross\/\" title=\"Read CANICR\u00d2S MEMORIAL ALBA CHAC\u00d3N\">Llegeix m\u00e9s\u00bb<\/a><\/p>\n","protected":false},"author":1,"featured_media":1349,"comment_status":"open","ping_status":"closed","sticky":false,"template":"","format":"standard","meta":{"_bbp_topic_count":0,"_bbp_reply_count":0,"_bbp_total_topic_count":0,"_bbp_total_reply_count":0,"_bbp_voice_count":0,"_bbp_anonymous_reply_count":0,"_bbp_topic_count_hidden":0,"_bbp_reply_count_hidden":0,"_bbp_forum_subforum_count":0,"footnotes":""},"categories":[59,1,4],"tags":[67],"class_list":["post-1307","post","type-post","status-publish","format-standard","has-post-thumbnail","hentry","category-escola","category-general","category-portada","tag-canicros-romani-ginesta-garbi-xaloc"],"post_mailing_queue_ids":[],"_links":{"self":[{"href":"https:\/\/agora.xtec.cat\/ceip-escola-montsant-reus\/wp-json\/wp\/v2\/posts\/1307","targetHints":{"allow":["GET"]}}],"collection":[{"href":"https:\/\/agora.xtec.cat\/ceip-escola-montsant-reus\/wp-json\/wp\/v2\/posts"}],"about":[{"href":"https:\/\/agora.xtec.cat\/ceip-escola-montsant-reus\/wp-json\/wp\/v2\/types\/post"}],"author":[{"embeddable":true,"href":"https:\/\/agora.xtec.cat\/ceip-escola-montsant-reus\/wp-json\/wp\/v2\/users\/1"}],"replies":[{"embeddable":true,"href":"https:\/\/agora.xtec.cat\/ceip-escola-montsant-reus\/wp-json\/wp\/v2\/comments?post=1307"}],"version-history":[{"count":3,"href":"https:\/\/agora.xtec.cat\/ceip-escola-montsant-reus\/wp-json\/wp\/v2\/posts\/1307\/revisions"}],"predecessor-version":[{"id":1311,"href":"https:\/\/agora.xtec.cat\/ceip-escola-montsant-reus\/wp-json\/wp\/v2\/posts\/1307\/revisions\/1311"}],"wp:featuredmedia":[{"embeddable":true,"href":"https:\/\/agora.xtec.cat\/ceip-escola-montsant-reus\/wp-json\/wp\/v2\/media\/1349"}],"wp:attachment":[{"href":"https:\/\/agora.xtec.cat\/ceip-escola-montsant-reus\/wp-json\/wp\/v2\/media?parent=1307"}],"wp:term":[{"taxonomy":"category","embeddable":true,"href":"https:\/\/agora.xtec.cat\/ceip-escola-montsant-reus\/wp-json\/wp\/v2\/categories?post=1307"},{"taxonomy":"post_tag","embeddable":true,"href":"https:\/\/agora.xtec.cat\/ceip-escola-montsant-reus\/wp-json\/wp\/v2\/tags?post=1307"}],"curies":[{"name":"wp","href":"https:\/\/api.w.org\/{rel}","templated":true}]}}