{"id":1285,"date":"2019-10-07T14:19:59","date_gmt":"2019-10-07T12:19:59","guid":{"rendered":"http:\/\/agora.xtec.cat\/ceip-escola-montsant-reus\/?p=1285"},"modified":"2019-10-29T06:21:52","modified_gmt":"2019-10-29T05:21:52","slug":"reaccionem","status":"publish","type":"post","link":"https:\/\/agora.xtec.cat\/ceip-escola-montsant-reus\/general\/reaccionem\/","title":{"rendered":"REACCIONEM!!!"},"content":{"rendered":"<p><iframe loading=\"lazy\" title=\"EMERG\u00c8NCIA CLIM\u00c0TICA\" width=\"500\" height=\"375\" src=\"https:\/\/www.youtube.com\/embed\/2w4CgEAD6qs?feature=oembed\" frameborder=\"0\" allow=\"accelerometer; autoplay; clipboard-write; encrypted-media; gyroscope; picture-in-picture; web-share\" referrerpolicy=\"strict-origin-when-cross-origin\" allowfullscreen><\/iframe><\/p>\n<p>L&#8217;alumnat de 4t Ginesta ha fet aquest v\u00eddeo despr\u00e9s de treballar a classe el fet de l&#8217;emerg\u00e8ncia clim\u00e0tica al nostre planeta. Clica dins la not\u00edcia per a veure el v\u00eddeo.<\/p>\n<p>Reaccionem!!!<\/p>\n","protected":false},"excerpt":{"rendered":"<p>L&#8217;alumnat de 4t Ginesta ha fet aquest v\u00eddeo despr\u00e9s de treballar a classe el fet de l&#8217;emerg\u00e8ncia clim\u00e0tica al nostre planeta. Clica dins la not\u00edcia per a veure el v\u00eddeo.<br \/>\nReaccionem!!!<\/p>\n","protected":false},"author":1,"featured_media":1286,"comment_status":"open","ping_status":"closed","sticky":false,"template":"","format":"standard","meta":{"_bbp_topic_count":0,"_bbp_reply_count":0,"_bbp_total_topic_count":0,"_bbp_total_reply_count":0,"_bbp_voice_count":0,"_bbp_anonymous_reply_count":0,"_bbp_topic_count_hidden":0,"_bbp_reply_count_hidden":0,"_bbp_forum_subforum_count":0,"footnotes":""},"categories":[13,59,1,4],"tags":[],"class_list":["post-1285","post","type-post","status-publish","format-standard","has-post-thumbnail","hentry","category-4t","category-escola","category-general","category-portada"],"post_mailing_queue_ids":[],"_links":{"self":[{"href":"https:\/\/agora.xtec.cat\/ceip-escola-montsant-reus\/wp-json\/wp\/v2\/posts\/1285","targetHints":{"allow":["GET"]}}],"collection":[{"href":"https:\/\/agora.xtec.cat\/ceip-escola-montsant-reus\/wp-json\/wp\/v2\/posts"}],"about":[{"href":"https:\/\/agora.xtec.cat\/ceip-escola-montsant-reus\/wp-json\/wp\/v2\/types\/post"}],"author":[{"embeddable":true,"href":"https:\/\/agora.xtec.cat\/ceip-escola-montsant-reus\/wp-json\/wp\/v2\/users\/1"}],"replies":[{"embeddable":true,"href":"https:\/\/agora.xtec.cat\/ceip-escola-montsant-reus\/wp-json\/wp\/v2\/comments?post=1285"}],"version-history":[{"count":3,"href":"https:\/\/agora.xtec.cat\/ceip-escola-montsant-reus\/wp-json\/wp\/v2\/posts\/1285\/revisions"}],"predecessor-version":[{"id":1290,"href":"https:\/\/agora.xtec.cat\/ceip-escola-montsant-reus\/wp-json\/wp\/v2\/posts\/1285\/revisions\/1290"}],"wp:featuredmedia":[{"embeddable":true,"href":"https:\/\/agora.xtec.cat\/ceip-escola-montsant-reus\/wp-json\/wp\/v2\/media\/1286"}],"wp:attachment":[{"href":"https:\/\/agora.xtec.cat\/ceip-escola-montsant-reus\/wp-json\/wp\/v2\/media?parent=1285"}],"wp:term":[{"taxonomy":"category","embeddable":true,"href":"https:\/\/agora.xtec.cat\/ceip-escola-montsant-reus\/wp-json\/wp\/v2\/categories?post=1285"},{"taxonomy":"post_tag","embeddable":true,"href":"https:\/\/agora.xtec.cat\/ceip-escola-montsant-reus\/wp-json\/wp\/v2\/tags?post=1285"}],"curies":[{"name":"wp","href":"https:\/\/api.w.org\/{rel}","templated":true}]}}