{"id":1274,"date":"2019-09-23T06:25:06","date_gmt":"2019-09-23T04:25:06","guid":{"rendered":"http:\/\/agora.xtec.cat\/ceip-escola-montsant-reus\/?p=1274"},"modified":"2019-09-23T06:25:06","modified_gmt":"2019-09-23T04:25:06","slug":"53-aplec-baix-camp","status":"publish","type":"post","link":"https:\/\/agora.xtec.cat\/ceip-escola-montsant-reus\/portada\/53-aplec-baix-camp\/","title":{"rendered":"53 APLEC BAIX CAMP"},"content":{"rendered":"<p><a href=\"https:\/\/agora.xtec.cat\/ceip-escola-montsant-reus\/wp-content\/uploads\/usu1887\/2019\/09\/70503242_2975717459320602_5496373574014861312_n.jpg\"><img loading=\"lazy\" decoding=\"async\" class=\"wp-image-1275 aligncenter\" src=\"https:\/\/agora.xtec.cat\/ceip-escola-montsant-reus\/wp-content\/uploads\/usu1887\/2019\/09\/70503242_2975717459320602_5496373574014861312_n.jpg\" alt=\"\" width=\"632\" height=\"632\" srcset=\"https:\/\/agora.xtec.cat\/ceip-escola-montsant-reus\/wp-content\/uploads\/usu1887\/2019\/09\/70503242_2975717459320602_5496373574014861312_n.jpg 960w, https:\/\/agora.xtec.cat\/ceip-escola-montsant-reus\/wp-content\/uploads\/usu1887\/2019\/09\/70503242_2975717459320602_5496373574014861312_n-150x150.jpg 150w, https:\/\/agora.xtec.cat\/ceip-escola-montsant-reus\/wp-content\/uploads\/usu1887\/2019\/09\/70503242_2975717459320602_5496373574014861312_n-300x300.jpg 300w, https:\/\/agora.xtec.cat\/ceip-escola-montsant-reus\/wp-content\/uploads\/usu1887\/2019\/09\/70503242_2975717459320602_5496373574014861312_n-768x768.jpg 768w\" sizes=\"auto, (max-width: 632px) 100vw, 632px\" \/><\/a><\/p>\n<p>Gran diada de la Sardana al 53 Aplec Baix Camp. L&#8217;alumnat de la classe de 5\u00e8 Garb\u00ed ha compartit amb altres centres escolars de Reus aquesta dansa tan nostra! Felicitats a l&#8217;organitzaci\u00f3, a les fam\u00edlies, alumnat i a la mestra Judit per aquest mat\u00ed de sardanes!<br \/>\n<a class=\"_58cn\" href=\"https:\/\/www.facebook.com\/hashtag\/escolamontsant?source=feed_text&amp;epa=HASHTAG&amp;__xts__%5B0%5D=68.ARDMmg1x11OM-bZpSMJqyKucUh0bI1h-pmO0dmIVK0-koavgVP_MWEgx2vqNzbjUht0iVC5aMFvX_-MdnfKLaCCfqZOzG7_I1BncZrCBxpuXfgoGc6EZaH0YcqJXoIlwa1XdpjRFLOzI_E8EOjYad-3tMrd8PCa4JURAAMpSlBTKFl4tRidM3ULc-aqh8uRGseb7-mrgMrSwEaenprZ6EoaZ_MofRPtRksZEz55aHqbUkOfm9ESIPMY1iOp_qacsOA7oXJvO3wWAYJMjMZ7qAjpE1qVby9eHxLlodXdWNoEXMkmRKR4IVgzRMedEtsIFq0aw2WAtqPSJfbay_iZQqc5ITpm2&amp;__tn__=%2ANK-R\" data-ft=\"{&quot;type&quot;:104,&quot;tn&quot;:&quot;*N&quot;}\"><span class=\"_5afx\"><span class=\"_58cl _5afz\" aria-label=\"hashtag\">#<\/span><span class=\"_58cm\">escolamontsant<\/span><\/span><\/a><\/p>\n","protected":false},"excerpt":{"rendered":"<p><a href=\"https:\/\/agora.xtec.cat\/ceip-escola-montsant-reus\/wp-content\/uploads\/usu1887\/2019\/09\/70503242_2975717459320602_5496373574014861312_n.jpg\"><\/a><br \/>\nGran diada de la Sardana al 53 Aplec Baix Camp. L&#8217;alumnat de la classe de 5\u00e8 Garb\u00ed ha compartit amb altres centres escolars de Reus aquesta dansa tan nostra! Felicitats a l&#8217;organitzaci\u00f3, a les fam\u00edlies, alumnat i a la mestra Judit per aquest mat\u00ed&hellip;  <a href=\"https:\/\/agora.xtec.cat\/ceip-escola-montsant-reus\/portada\/53-aplec-baix-camp\/\" title=\"Read 53 APLEC BAIX CAMP\">Llegeix m\u00e9s\u00bb<\/a><\/p>\n","protected":false},"author":1,"featured_media":1275,"comment_status":"open","ping_status":"closed","sticky":false,"template":"","format":"standard","meta":{"_bbp_topic_count":0,"_bbp_reply_count":0,"_bbp_total_topic_count":0,"_bbp_total_reply_count":0,"_bbp_voice_count":0,"_bbp_anonymous_reply_count":0,"_bbp_topic_count_hidden":0,"_bbp_reply_count_hidden":0,"_bbp_forum_subforum_count":0,"footnotes":""},"categories":[14,59,4],"tags":[],"class_list":["post-1274","post","type-post","status-publish","format-standard","has-post-thumbnail","hentry","category-5e","category-escola","category-portada"],"post_mailing_queue_ids":[],"_links":{"self":[{"href":"https:\/\/agora.xtec.cat\/ceip-escola-montsant-reus\/wp-json\/wp\/v2\/posts\/1274","targetHints":{"allow":["GET"]}}],"collection":[{"href":"https:\/\/agora.xtec.cat\/ceip-escola-montsant-reus\/wp-json\/wp\/v2\/posts"}],"about":[{"href":"https:\/\/agora.xtec.cat\/ceip-escola-montsant-reus\/wp-json\/wp\/v2\/types\/post"}],"author":[{"embeddable":true,"href":"https:\/\/agora.xtec.cat\/ceip-escola-montsant-reus\/wp-json\/wp\/v2\/users\/1"}],"replies":[{"embeddable":true,"href":"https:\/\/agora.xtec.cat\/ceip-escola-montsant-reus\/wp-json\/wp\/v2\/comments?post=1274"}],"version-history":[{"count":1,"href":"https:\/\/agora.xtec.cat\/ceip-escola-montsant-reus\/wp-json\/wp\/v2\/posts\/1274\/revisions"}],"predecessor-version":[{"id":1276,"href":"https:\/\/agora.xtec.cat\/ceip-escola-montsant-reus\/wp-json\/wp\/v2\/posts\/1274\/revisions\/1276"}],"wp:featuredmedia":[{"embeddable":true,"href":"https:\/\/agora.xtec.cat\/ceip-escola-montsant-reus\/wp-json\/wp\/v2\/media\/1275"}],"wp:attachment":[{"href":"https:\/\/agora.xtec.cat\/ceip-escola-montsant-reus\/wp-json\/wp\/v2\/media?parent=1274"}],"wp:term":[{"taxonomy":"category","embeddable":true,"href":"https:\/\/agora.xtec.cat\/ceip-escola-montsant-reus\/wp-json\/wp\/v2\/categories?post=1274"},{"taxonomy":"post_tag","embeddable":true,"href":"https:\/\/agora.xtec.cat\/ceip-escola-montsant-reus\/wp-json\/wp\/v2\/tags?post=1274"}],"curies":[{"name":"wp","href":"https:\/\/api.w.org\/{rel}","templated":true}]}}