{"id":1270,"date":"2019-09-22T10:11:30","date_gmt":"2019-09-22T08:11:30","guid":{"rendered":"http:\/\/agora.xtec.cat\/ceip-escola-montsant-reus\/?p=1270"},"modified":"2019-09-22T10:17:14","modified_gmt":"2019-09-22T08:17:14","slug":"inici-de-curs-2019","status":"publish","type":"post","link":"https:\/\/agora.xtec.cat\/ceip-escola-montsant-reus\/general\/inici-de-curs-2019\/","title":{"rendered":"INICI DE CURS 2019"},"content":{"rendered":"<p>&nbsp;<\/p>\n<p>&nbsp;<\/p>\n<p><a href=\"https:\/\/agora.xtec.cat\/ceip-escola-montsant-reus\/wp-content\/uploads\/usu1887\/2019\/09\/70587630_2972758072949874_9169734771570376704_n.jpg\"><img loading=\"lazy\" decoding=\"async\" class=\"alignnone size-full wp-image-1271\" src=\"https:\/\/agora.xtec.cat\/ceip-escola-montsant-reus\/wp-content\/uploads\/usu1887\/2019\/09\/70587630_2972758072949874_9169734771570376704_n.jpg\" alt=\"\" width=\"960\" height=\"960\" srcset=\"https:\/\/agora.xtec.cat\/ceip-escola-montsant-reus\/wp-content\/uploads\/usu1887\/2019\/09\/70587630_2972758072949874_9169734771570376704_n.jpg 960w, https:\/\/agora.xtec.cat\/ceip-escola-montsant-reus\/wp-content\/uploads\/usu1887\/2019\/09\/70587630_2972758072949874_9169734771570376704_n-150x150.jpg 150w, https:\/\/agora.xtec.cat\/ceip-escola-montsant-reus\/wp-content\/uploads\/usu1887\/2019\/09\/70587630_2972758072949874_9169734771570376704_n-300x300.jpg 300w, https:\/\/agora.xtec.cat\/ceip-escola-montsant-reus\/wp-content\/uploads\/usu1887\/2019\/09\/70587630_2972758072949874_9169734771570376704_n-768x768.jpg 768w\" sizes=\"auto, (max-width: 960px) 100vw, 960px\" \/><\/a><\/p>\n<p>El passat 12 de setembre vam iniciar el nou curs 19-20!<\/p>\n<p>El dimecres 18 de setembre, vam fer la presentaci\u00f3 al pati de tots els grups classe i mestres, i vam donar la benvinguda al nou alumnat i mestres que s&#8217;han incorporat a la nostra escola. Ho vam celebrar ballant una dansa conjunta al pati.<\/p>\n<p>A les 8 del vespre va tocar la presentaci\u00f3 a les fam\u00edlies. La nova direcci\u00f3 del centre, la Laura Tricaz, va explicar els trets d&#8217;identitat del nostre projecte d&#8217;escola i va presentar l&#8217;equip educatiu que enguany desenvolupar\u00e0 aquest projecte que s&#8217;anir\u00e0 concretant m\u00e9s expl\u00edcitament a les reunions de classe.<\/p>\n<p>Seguidament es va fer l&#8217;assemblea anual d&#8217;AMPA on es va remarcar el canvi general que hi ha hagut de membres de la junta, els quals s&#8217;estan posant al dia perqu\u00e8 tota la gesti\u00f3 de les diverses comissions que hi ha, funcioni. L&#8217;actual presidenta, la Mireia Romeu, va explicar com s&#8217;organitza aquesta junta, quines funcions t\u00e9 l&#8217;ampa a l&#8217;escola i quins serveis ofereixen. A m\u00e9s a m\u00e9s, es van aprovar les quotes d&#8217;AMPA i de serveis per al curs 19-20. Un dels temes destacats va ser el de la necessitat de fer una hora postlectiva de 12 a 1 durant el temps de migdia que actualment t\u00e9 una durada de 3 hores. Un tema que fa 2 anys es va tractar en assemblea i consell escolar i que va quedar en espera del nou decret de menjador que segueix paralitzat. \u00c9s un tema que, per tant, queda pendent de segui-se considerant.<\/p>\n<p>La reuni\u00f3 va finalitzar a les 9 del vespre amb una assist\u00e8ncia d&#8217;unes 50 fam\u00edlies.<\/p>\n","protected":false},"excerpt":{"rendered":"<p>&nbsp;<br \/>\n&nbsp;<br \/>\n<a href=\"https:\/\/agora.xtec.cat\/ceip-escola-montsant-reus\/wp-content\/uploads\/usu1887\/2019\/09\/70587630_2972758072949874_9169734771570376704_n.jpg\"><\/a><br \/>\nEl passat 12 de setembre vam iniciar el nou curs 19-20!<br \/>\nEl dimecres 18 de setembre, vam fer la presentaci\u00f3 al pati de tots els grups classe i mestres, i vam donar la benvinguda al nou alumnat i mestres que s&#8217;han incorporat a la nostra&hellip;  <a href=\"https:\/\/agora.xtec.cat\/ceip-escola-montsant-reus\/general\/inici-de-curs-2019\/\" title=\"Read INICI DE CURS 2019\">Llegeix m\u00e9s\u00bb<\/a><\/p>\n","protected":false},"author":1,"featured_media":1271,"comment_status":"open","ping_status":"closed","sticky":false,"template":"","format":"standard","meta":{"_bbp_topic_count":0,"_bbp_reply_count":0,"_bbp_total_topic_count":0,"_bbp_total_reply_count":0,"_bbp_voice_count":0,"_bbp_anonymous_reply_count":0,"_bbp_topic_count_hidden":0,"_bbp_reply_count_hidden":0,"_bbp_forum_subforum_count":0,"footnotes":""},"categories":[65,59,1,4],"tags":[],"class_list":["post-1270","post","type-post","status-publish","format-standard","has-post-thumbnail","hentry","category-ampa","category-escola","category-general","category-portada"],"post_mailing_queue_ids":[],"_links":{"self":[{"href":"https:\/\/agora.xtec.cat\/ceip-escola-montsant-reus\/wp-json\/wp\/v2\/posts\/1270","targetHints":{"allow":["GET"]}}],"collection":[{"href":"https:\/\/agora.xtec.cat\/ceip-escola-montsant-reus\/wp-json\/wp\/v2\/posts"}],"about":[{"href":"https:\/\/agora.xtec.cat\/ceip-escola-montsant-reus\/wp-json\/wp\/v2\/types\/post"}],"author":[{"embeddable":true,"href":"https:\/\/agora.xtec.cat\/ceip-escola-montsant-reus\/wp-json\/wp\/v2\/users\/1"}],"replies":[{"embeddable":true,"href":"https:\/\/agora.xtec.cat\/ceip-escola-montsant-reus\/wp-json\/wp\/v2\/comments?post=1270"}],"version-history":[{"count":2,"href":"https:\/\/agora.xtec.cat\/ceip-escola-montsant-reus\/wp-json\/wp\/v2\/posts\/1270\/revisions"}],"predecessor-version":[{"id":1273,"href":"https:\/\/agora.xtec.cat\/ceip-escola-montsant-reus\/wp-json\/wp\/v2\/posts\/1270\/revisions\/1273"}],"wp:featuredmedia":[{"embeddable":true,"href":"https:\/\/agora.xtec.cat\/ceip-escola-montsant-reus\/wp-json\/wp\/v2\/media\/1271"}],"wp:attachment":[{"href":"https:\/\/agora.xtec.cat\/ceip-escola-montsant-reus\/wp-json\/wp\/v2\/media?parent=1270"}],"wp:term":[{"taxonomy":"category","embeddable":true,"href":"https:\/\/agora.xtec.cat\/ceip-escola-montsant-reus\/wp-json\/wp\/v2\/categories?post=1270"},{"taxonomy":"post_tag","embeddable":true,"href":"https:\/\/agora.xtec.cat\/ceip-escola-montsant-reus\/wp-json\/wp\/v2\/tags?post=1270"}],"curies":[{"name":"wp","href":"https:\/\/api.w.org\/{rel}","templated":true}]}}