{"id":1238,"date":"2019-07-18T14:09:57","date_gmt":"2019-07-18T12:09:57","guid":{"rendered":"http:\/\/agora.xtec.cat\/ceip-escola-montsant-reus\/?p=1238"},"modified":"2019-07-18T21:14:24","modified_gmt":"2019-07-18T19:14:24","slug":"resultats-enquesta-escola-19","status":"publish","type":"post","link":"https:\/\/agora.xtec.cat\/ceip-escola-montsant-reus\/general\/resultats-enquesta-escola-19\/","title":{"rendered":"RESULTATS ENQUESTA ESCOLA 19"},"content":{"rendered":"<p>En aquest enlla\u00e7 podreu descarregar els resultats de l&#8217;enquesta que va fer a les fam\u00edlies durant el mes de mar\u00e7. Ha estat un treball molt interessant per saber quins aspectes s&#8217;estan treballant en bona l\u00ednia i quins cal que millorem. Creiem que ha estat una bona eina d&#8217;escola participativa.<\/p>\n<p>Gr\u00e0cies a tots els que hi vau respondre.<\/p>\n<p><a href=\"https:\/\/agora.xtec.cat\/ceip-escola-montsant-reus\/wp-content\/uploads\/usu1887\/2019\/07\/RESULTATS_ENQUESTA_CURS-18-19-1.pdf\">Descarrega&#8217;t els RESULTATS_ENQUESTA_CURS 18-19<\/a><\/p>\n<p>&nbsp;<\/p>\n","protected":false},"excerpt":{"rendered":"<p>En aquest enlla\u00e7 podreu descarregar els resultats de l&#8217;enquesta que va fer a les fam\u00edlies durant el mes de mar\u00e7. Ha estat un treball molt interessant per saber quins aspectes s&#8217;estan treballant en bona l\u00ednia i quins cal que millorem. Creiem que ha estat una&hellip;  <a href=\"https:\/\/agora.xtec.cat\/ceip-escola-montsant-reus\/general\/resultats-enquesta-escola-19\/\" title=\"Read RESULTATS ENQUESTA ESCOLA 19\">Llegeix m\u00e9s\u00bb<\/a><\/p>\n","protected":false},"author":1,"featured_media":0,"comment_status":"open","ping_status":"closed","sticky":false,"template":"","format":"standard","meta":{"_bbp_topic_count":0,"_bbp_reply_count":0,"_bbp_total_topic_count":0,"_bbp_total_reply_count":0,"_bbp_voice_count":0,"_bbp_anonymous_reply_count":0,"_bbp_topic_count_hidden":0,"_bbp_reply_count_hidden":0,"_bbp_forum_subforum_count":0,"footnotes":""},"categories":[59,1,4],"tags":[],"class_list":["post-1238","post","type-post","status-publish","format-standard","hentry","category-escola","category-general","category-portada"],"post_mailing_queue_ids":[],"_links":{"self":[{"href":"https:\/\/agora.xtec.cat\/ceip-escola-montsant-reus\/wp-json\/wp\/v2\/posts\/1238","targetHints":{"allow":["GET"]}}],"collection":[{"href":"https:\/\/agora.xtec.cat\/ceip-escola-montsant-reus\/wp-json\/wp\/v2\/posts"}],"about":[{"href":"https:\/\/agora.xtec.cat\/ceip-escola-montsant-reus\/wp-json\/wp\/v2\/types\/post"}],"author":[{"embeddable":true,"href":"https:\/\/agora.xtec.cat\/ceip-escola-montsant-reus\/wp-json\/wp\/v2\/users\/1"}],"replies":[{"embeddable":true,"href":"https:\/\/agora.xtec.cat\/ceip-escola-montsant-reus\/wp-json\/wp\/v2\/comments?post=1238"}],"version-history":[{"count":3,"href":"https:\/\/agora.xtec.cat\/ceip-escola-montsant-reus\/wp-json\/wp\/v2\/posts\/1238\/revisions"}],"predecessor-version":[{"id":1245,"href":"https:\/\/agora.xtec.cat\/ceip-escola-montsant-reus\/wp-json\/wp\/v2\/posts\/1238\/revisions\/1245"}],"wp:attachment":[{"href":"https:\/\/agora.xtec.cat\/ceip-escola-montsant-reus\/wp-json\/wp\/v2\/media?parent=1238"}],"wp:term":[{"taxonomy":"category","embeddable":true,"href":"https:\/\/agora.xtec.cat\/ceip-escola-montsant-reus\/wp-json\/wp\/v2\/categories?post=1238"},{"taxonomy":"post_tag","embeddable":true,"href":"https:\/\/agora.xtec.cat\/ceip-escola-montsant-reus\/wp-json\/wp\/v2\/tags?post=1238"}],"curies":[{"name":"wp","href":"https:\/\/api.w.org\/{rel}","templated":true}]}}