{"id":1157,"date":"2019-06-07T17:32:13","date_gmt":"2019-06-07T15:32:13","guid":{"rendered":"http:\/\/agora.xtec.cat\/ceip-escola-montsant-reus\/?p=1157"},"modified":"2019-07-02T17:32:45","modified_gmt":"2019-07-02T15:32:45","slug":"5e-al-rocodrom","status":"publish","type":"post","link":"https:\/\/agora.xtec.cat\/ceip-escola-montsant-reus\/general\/5e-al-rocodrom\/","title":{"rendered":"5\u00e8 al Roc\u00f2drom"},"content":{"rendered":"<p>Els alumnes de 5\u00e8 Garb\u00ed practiquem esport al roc\u00f2drom. <a class=\"_58cn\" href=\"https:\/\/www.facebook.com\/hashtag\/escolamontsantreus?source=feed_text&amp;epa=HASHTAG&amp;__xts__%5B0%5D=68.ARCIOn_qfIgyGvUS-Z7QM2FBN8RpxOSnMe4sVV3J6V--8u_Dw_x2w7a6G7l9oSRARSBWanRbRW4VcG5n2g0fX2blOISmM7iUYSQzAoZ_xqr2g9dwfGcXS-zrryKzyNpp6Du2b7HXicfR61a-yQoI6Xcw45u0KisXRKAUv9RB9SUweiki9580BKVX2k9ijITl6eLMGDX7vJfEIra-Yz4QFMuyZLTQg6tK-D1IafIwsJzw2Yrkf8qEUQq3hrS47MSfKB83SlgdR6iKTO5lLT1wy_IjtvpKwFBpyLlt8iIxICGGNL_tgTM_TyH2_Mxj2Iiy_ozfSRfClfQNU476p_F-LSy5IlbV&amp;__tn__=%2ANK-R\" data-ft=\"{&quot;type&quot;:104,&quot;tn&quot;:&quot;*N&quot;}\"><span class=\"_5afx\"><span class=\"_58cl _5afz\" aria-label=\"hashtag\">#<\/span><span class=\"_58cm\">escolamontsantreus<\/span><\/span><\/a><\/p>\n<p><a href=\"https:\/\/agora.xtec.cat\/ceip-escola-montsant-reus\/wp-content\/uploads\/usu1887\/2019\/07\/rocodrom.jpg\"><img loading=\"lazy\" decoding=\"async\" class=\"alignnone size-full wp-image-1158\" src=\"https:\/\/agora.xtec.cat\/ceip-escola-montsant-reus\/wp-content\/uploads\/usu1887\/2019\/07\/rocodrom.jpg\" alt=\"\" width=\"960\" height=\"960\" srcset=\"https:\/\/agora.xtec.cat\/ceip-escola-montsant-reus\/wp-content\/uploads\/usu1887\/2019\/07\/rocodrom.jpg 960w, https:\/\/agora.xtec.cat\/ceip-escola-montsant-reus\/wp-content\/uploads\/usu1887\/2019\/07\/rocodrom-150x150.jpg 150w, https:\/\/agora.xtec.cat\/ceip-escola-montsant-reus\/wp-content\/uploads\/usu1887\/2019\/07\/rocodrom-300x300.jpg 300w, https:\/\/agora.xtec.cat\/ceip-escola-montsant-reus\/wp-content\/uploads\/usu1887\/2019\/07\/rocodrom-768x768.jpg 768w\" sizes=\"auto, (max-width: 960px) 100vw, 960px\" \/><\/a><\/p>\n","protected":false},"excerpt":{"rendered":"<p>Els alumnes de 5\u00e8 Garb\u00ed practiquem esport al roc\u00f2drom. <a class=\"_58cn\" href=\"https:\/\/www.facebook.com\/hashtag\/escolamontsantreus?source=feed_text&amp;epa=HASHTAG&amp;__xts__%5B0%5D=68.ARCIOn_qfIgyGvUS-Z7QM2FBN8RpxOSnMe4sVV3J6V--8u_Dw_x2w7a6G7l9oSRARSBWanRbRW4VcG5n2g0fX2blOISmM7iUYSQzAoZ_xqr2g9dwfGcXS-zrryKzyNpp6Du2b7HXicfR61a-yQoI6Xcw45u0KisXRKAUv9RB9SUweiki9580BKVX2k9ijITl6eLMGDX7vJfEIra-Yz4QFMuyZLTQg6tK-D1IafIwsJzw2Yrkf8qEUQq3hrS47MSfKB83SlgdR6iKTO5lLT1wy_IjtvpKwFBpyLlt8iIxICGGNL_tgTM_TyH2_Mxj2Iiy_ozfSRfClfQNU476p_F-LSy5IlbV&amp;__tn__=%2ANK-R\" data-ft=\"{&quot;type&quot;:104,&quot;tn&quot;:&quot;*N&quot;}\">#escolamontsantreus<\/a><br \/>\n<a href=\"https:\/\/agora.xtec.cat\/ceip-escola-montsant-reus\/wp-content\/uploads\/usu1887\/2019\/07\/rocodrom.jpg\"><\/a><\/p>\n","protected":false},"author":1,"featured_media":1158,"comment_status":"open","ping_status":"closed","sticky":false,"template":"","format":"standard","meta":{"_bbp_topic_count":0,"_bbp_reply_count":0,"_bbp_total_topic_count":0,"_bbp_total_reply_count":0,"_bbp_voice_count":0,"_bbp_anonymous_reply_count":0,"_bbp_topic_count_hidden":0,"_bbp_reply_count_hidden":0,"_bbp_forum_subforum_count":0,"footnotes":""},"categories":[59,1,4],"tags":[],"class_list":["post-1157","post","type-post","status-publish","format-standard","has-post-thumbnail","hentry","category-escola","category-general","category-portada"],"post_mailing_queue_ids":[],"_links":{"self":[{"href":"https:\/\/agora.xtec.cat\/ceip-escola-montsant-reus\/wp-json\/wp\/v2\/posts\/1157","targetHints":{"allow":["GET"]}}],"collection":[{"href":"https:\/\/agora.xtec.cat\/ceip-escola-montsant-reus\/wp-json\/wp\/v2\/posts"}],"about":[{"href":"https:\/\/agora.xtec.cat\/ceip-escola-montsant-reus\/wp-json\/wp\/v2\/types\/post"}],"author":[{"embeddable":true,"href":"https:\/\/agora.xtec.cat\/ceip-escola-montsant-reus\/wp-json\/wp\/v2\/users\/1"}],"replies":[{"embeddable":true,"href":"https:\/\/agora.xtec.cat\/ceip-escola-montsant-reus\/wp-json\/wp\/v2\/comments?post=1157"}],"version-history":[{"count":1,"href":"https:\/\/agora.xtec.cat\/ceip-escola-montsant-reus\/wp-json\/wp\/v2\/posts\/1157\/revisions"}],"predecessor-version":[{"id":1159,"href":"https:\/\/agora.xtec.cat\/ceip-escola-montsant-reus\/wp-json\/wp\/v2\/posts\/1157\/revisions\/1159"}],"wp:featuredmedia":[{"embeddable":true,"href":"https:\/\/agora.xtec.cat\/ceip-escola-montsant-reus\/wp-json\/wp\/v2\/media\/1158"}],"wp:attachment":[{"href":"https:\/\/agora.xtec.cat\/ceip-escola-montsant-reus\/wp-json\/wp\/v2\/media?parent=1157"}],"wp:term":[{"taxonomy":"category","embeddable":true,"href":"https:\/\/agora.xtec.cat\/ceip-escola-montsant-reus\/wp-json\/wp\/v2\/categories?post=1157"},{"taxonomy":"post_tag","embeddable":true,"href":"https:\/\/agora.xtec.cat\/ceip-escola-montsant-reus\/wp-json\/wp\/v2\/tags?post=1157"}],"curies":[{"name":"wp","href":"https:\/\/api.w.org\/{rel}","templated":true}]}}