{"id":1154,"date":"2019-07-02T17:28:49","date_gmt":"2019-07-02T15:28:49","guid":{"rendered":"http:\/\/agora.xtec.cat\/ceip-escola-montsant-reus\/?p=1154"},"modified":"2019-07-02T17:28:49","modified_gmt":"2019-07-02T15:28:49","slug":"compta-amb-mi","status":"publish","type":"post","link":"https:\/\/agora.xtec.cat\/ceip-escola-montsant-reus\/general\/compta-amb-mi\/","title":{"rendered":"&#8220;COMPTA AMB MI&#8221;"},"content":{"rendered":"<p><a href=\"https:\/\/agora.xtec.cat\/ceip-escola-montsant-reus\/wp-content\/uploads\/usu1887\/2019\/07\/IMG_4189.png\"><img loading=\"lazy\" decoding=\"async\" class=\"wp-image-1155 aligncenter\" src=\"https:\/\/agora.xtec.cat\/ceip-escola-montsant-reus\/wp-content\/uploads\/usu1887\/2019\/07\/IMG_4189.png\" alt=\"\" width=\"571\" height=\"428\" srcset=\"https:\/\/agora.xtec.cat\/ceip-escola-montsant-reus\/wp-content\/uploads\/usu1887\/2019\/07\/IMG_4189.png 1000w, https:\/\/agora.xtec.cat\/ceip-escola-montsant-reus\/wp-content\/uploads\/usu1887\/2019\/07\/IMG_4189-300x225.png 300w, https:\/\/agora.xtec.cat\/ceip-escola-montsant-reus\/wp-content\/uploads\/usu1887\/2019\/07\/IMG_4189-768x576.png 768w, https:\/\/agora.xtec.cat\/ceip-escola-montsant-reus\/wp-content\/uploads\/usu1887\/2019\/07\/IMG_4189-200x150.png 200w\" sizes=\"auto, (max-width: 571px) 100vw, 571px\" \/><\/a><\/p>\n<p>El temps a l&#8217;escola passa r\u00e0pid, massa. Quan te n&#8217;adones, ha passat un curs, dos, tres&#8230; i aquell infant de P3 Patufet ja \u00e9s alumne de 6\u00e8 Xaloc, a punt de fer el pas cap a la secund\u00e0ria.<\/p>\n<p>A l&#8217;escola, l&#8217;equip educatiu i les fam\u00edlies tamb\u00e9 creixem. L&#8217;escola ens uneix i ens fa cr\u00e9ixer com a persones i com a comunitat, amb un objectiu: educar els infants de l&#8217;escola. Tots eduquem, cadasc\u00fa des de la seva vessant, per\u00f2 tots eduquem. Des d\u2019aqu\u00ed, no ens cansarem mai d\u2019expressar la necess\u00e0ria complicitat que cal entre tots. \u00c9s important col\u00b7laborar, implicar-se&#8230; per\u00f2 sobretot \u00e9s important la complicitat per sentir que <em>som aqu\u00ed i anem de la m\u00e0.<\/em><\/p>\n<p>Del 2010 al 2019, la Cristina, el Josep Maria i el Fernando hem format equip directiu i hem volgut treballar colze a colze amb l\u2019equip educatiu per\u00f2 tamb\u00e9 amb la comunitat. Han estat moltes hores dedicades a: \u00a0pensar, organitzar, planificar, parlar, actuar, equivocar-se, reflexionar, encertar, caure i aixecar-se, aprendre, ensenyar, tornar a aprendre, compartir, cr\u00e9ixer i, en ess\u00e8ncia, gaudir i viure l\u2019educaci\u00f3.\u00a0 Ara fem un pas al costat i us volem encoratjar a seguir compartint el projecte d\u2019escola amb el nou equip directiu, amb la Laura Tricaz al capdavant. Per part nostra, \u00e9s un pas al costat per seguir creixent i\u00a0 seguir anant de la m\u00e0.<\/p>\n<p>Volem aprofitar aquestes l\u00ednies per agrair-vos la confian\u00e7a, el recolzament, la tasca compartida i , per qu\u00e8 no dir-ho tamb\u00e9, l\u2019estima que hem sentit durant aquests 9 cursos per part de tota la comunitat educativa de l\u2019Escola Montsant. Com diu la can\u00e7\u00f3 de Txarango: <em>compta amb mi&#8230;<\/em><\/p>\n<p style=\"text-align: right;\">Cristina, Josep M. i Fernando<\/p>\n<p style=\"text-align: right;\">Equip directiu del 2010 al 2019<\/p>\n<p>(Text extret de la revista Portaveu 172 d&#8217;aquest mes de juny).<\/p>\n","protected":false},"excerpt":{"rendered":"<p><a href=\"https:\/\/agora.xtec.cat\/ceip-escola-montsant-reus\/wp-content\/uploads\/usu1887\/2019\/07\/IMG_4189.png\"><\/a><br \/>\nEl temps a l&#8217;escola passa r\u00e0pid, massa. Quan te n&#8217;adones, ha passat un curs, dos, tres&#8230; i aquell infant de P3 Patufet ja \u00e9s alumne de 6\u00e8 Xaloc, a punt de fer el pas cap a la secund\u00e0ria.<br \/>\nA l&#8217;escola, l&#8217;equip educatiu i les fam\u00edlies&hellip;  <a href=\"https:\/\/agora.xtec.cat\/ceip-escola-montsant-reus\/general\/compta-amb-mi\/\" title=\"Read &#8220;COMPTA AMB MI&#8221;\">Llegeix m\u00e9s\u00bb<\/a><\/p>\n","protected":false},"author":1,"featured_media":1155,"comment_status":"open","ping_status":"closed","sticky":false,"template":"","format":"standard","meta":{"_bbp_topic_count":0,"_bbp_reply_count":0,"_bbp_total_topic_count":0,"_bbp_total_reply_count":0,"_bbp_voice_count":0,"_bbp_anonymous_reply_count":0,"_bbp_topic_count_hidden":0,"_bbp_reply_count_hidden":0,"_bbp_forum_subforum_count":0,"footnotes":""},"categories":[59,1,4],"tags":[],"class_list":["post-1154","post","type-post","status-publish","format-standard","has-post-thumbnail","hentry","category-escola","category-general","category-portada"],"post_mailing_queue_ids":[],"_links":{"self":[{"href":"https:\/\/agora.xtec.cat\/ceip-escola-montsant-reus\/wp-json\/wp\/v2\/posts\/1154","targetHints":{"allow":["GET"]}}],"collection":[{"href":"https:\/\/agora.xtec.cat\/ceip-escola-montsant-reus\/wp-json\/wp\/v2\/posts"}],"about":[{"href":"https:\/\/agora.xtec.cat\/ceip-escola-montsant-reus\/wp-json\/wp\/v2\/types\/post"}],"author":[{"embeddable":true,"href":"https:\/\/agora.xtec.cat\/ceip-escola-montsant-reus\/wp-json\/wp\/v2\/users\/1"}],"replies":[{"embeddable":true,"href":"https:\/\/agora.xtec.cat\/ceip-escola-montsant-reus\/wp-json\/wp\/v2\/comments?post=1154"}],"version-history":[{"count":1,"href":"https:\/\/agora.xtec.cat\/ceip-escola-montsant-reus\/wp-json\/wp\/v2\/posts\/1154\/revisions"}],"predecessor-version":[{"id":1156,"href":"https:\/\/agora.xtec.cat\/ceip-escola-montsant-reus\/wp-json\/wp\/v2\/posts\/1154\/revisions\/1156"}],"wp:featuredmedia":[{"embeddable":true,"href":"https:\/\/agora.xtec.cat\/ceip-escola-montsant-reus\/wp-json\/wp\/v2\/media\/1155"}],"wp:attachment":[{"href":"https:\/\/agora.xtec.cat\/ceip-escola-montsant-reus\/wp-json\/wp\/v2\/media?parent=1154"}],"wp:term":[{"taxonomy":"category","embeddable":true,"href":"https:\/\/agora.xtec.cat\/ceip-escola-montsant-reus\/wp-json\/wp\/v2\/categories?post=1154"},{"taxonomy":"post_tag","embeddable":true,"href":"https:\/\/agora.xtec.cat\/ceip-escola-montsant-reus\/wp-json\/wp\/v2\/tags?post=1154"}],"curies":[{"name":"wp","href":"https:\/\/api.w.org\/{rel}","templated":true}]}}