{"id":1088,"date":"2019-05-21T15:02:40","date_gmt":"2019-05-21T13:02:40","guid":{"rendered":"http:\/\/agora.xtec.cat\/ceip-escola-montsant-reus\/?p=1088"},"modified":"2019-05-21T15:03:12","modified_gmt":"2019-05-21T13:03:12","slug":"programacio-jornada-intensiva","status":"publish","type":"post","link":"https:\/\/agora.xtec.cat\/ceip-escola-montsant-reus\/general\/programacio-jornada-intensiva\/","title":{"rendered":"PROGRAMACI\u00d3 JORNADA INTENSIVA"},"content":{"rendered":"<p><a href=\"https:\/\/agora.xtec.cat\/ceip-escola-montsant-reus\/wp-content\/uploads\/usu1887\/2019\/05\/10.-JUNY.jpg\"><img loading=\"lazy\" decoding=\"async\" class=\"wp-image-1089 aligncenter\" src=\"https:\/\/agora.xtec.cat\/ceip-escola-montsant-reus\/wp-content\/uploads\/usu1887\/2019\/05\/10.-JUNY-1024x770.jpg\" alt=\"\" width=\"656\" height=\"493\" srcset=\"https:\/\/agora.xtec.cat\/ceip-escola-montsant-reus\/wp-content\/uploads\/usu1887\/2019\/05\/10.-JUNY-1024x770.jpg 1024w, https:\/\/agora.xtec.cat\/ceip-escola-montsant-reus\/wp-content\/uploads\/usu1887\/2019\/05\/10.-JUNY-300x226.jpg 300w, https:\/\/agora.xtec.cat\/ceip-escola-montsant-reus\/wp-content\/uploads\/usu1887\/2019\/05\/10.-JUNY-768x577.jpg 768w, https:\/\/agora.xtec.cat\/ceip-escola-montsant-reus\/wp-content\/uploads\/usu1887\/2019\/05\/10.-JUNY-200x150.jpg 200w, https:\/\/agora.xtec.cat\/ceip-escola-montsant-reus\/wp-content\/uploads\/usu1887\/2019\/05\/10.-JUNY.jpg 1511w\" sizes=\"auto, (max-width: 656px) 100vw, 656px\" \/><\/a><\/p>\n<p><span lang=\"CA\">Benvolgudes fam\u00edlies,<\/span><\/p>\n<p><span lang=\"CA\">Us recordem que\u00a0<b>del dilluns 10 de juny al divendres 21 de juny<\/b>\u00a0farem horari de\u00a0<span class=\"m_-7286001330547912794gmail-il\"><span class=\"il\">jornada<\/span><\/span>\u00a0<span class=\"m_-7286001330547912794gmail-il\"><span class=\"il\">intensiva<\/span><\/span> al centre. <strong>El dia 21 finalitzarem les classes.<\/strong><\/span><\/p>\n<p><strong><span lang=\"CA\">L\u2019horari de les classes durant la jornada intensiva ser\u00e0 de 8,30h a 12,30h<\/span><span lang=\"CA\">.<\/span><\/strong><\/p>\n<p><u><span lang=\"CA\">L\u2019alumnat que faci \u00fas del servei de menjador marxar\u00e0 a les 15,00h.<\/span><\/u><\/p>\n<p><span lang=\"CA\">En el cas que necessiteu servei d\u2019acollida de 12,30h a 13,00h hi haur\u00e0 monitoratge que vetllar\u00e0 per aquest alumnat al pati. El cost d\u2019aquest servei est\u00e0 incl\u00f2s en el preu de l\u2019hora postlectiva que s\u2019ha ofert durant aquest curs, per tant\u00a0 no tindr\u00e0 cap cost addicional per les fam\u00edlies que en facin \u00fas.<\/span><\/p>\n<p><b><u><span lang=\"CA\">L\u2019alumnat de P4 i P5 far\u00e0 el curset de nataci\u00f3 del 10 al 13 de juny i del 17 al 20 de juny, tal i com se us informar\u00e0 properament a la circular de nataci\u00f3. Per aquest alumnat hi haur\u00e0 tamb\u00e9 servei d&#8217;acompanyament de tornada cap a l&#8217;escola i acollida fins les 17,00 (llegiu butlleta inscripci\u00f3 casal).<br \/>\n<\/span><\/u><\/b><\/p>\n<p>En aquest enlla\u00e7 trobareu la informaci\u00f3:<\/p>\n<p><a href=\"https:\/\/agora.xtec.cat\/ceip-escola-montsant-reus\/wp-content\/uploads\/usu1887\/2019\/05\/natacio-2019-1.doc\">Descarrega&#8217;t la circular de nataci\u00f3 2019 (tot i que la donarem impresa a l&#8217;alumnat)<\/a><\/p>\n<p><u><span lang=\"CA\">Tamb\u00e9 us recordem que el proper\u00a0<b>divendres 14 de juny!!!<\/b>, a partir de les 18,00h , celebrarem\u00a0<\/span><\/u><span lang=\"CA\">\u00a0<u>la\u00a0<b>Festa de Fi de Curs<\/b>.<\/u>\u00a0Properament, rebreu m\u00e9s informaci\u00f3.<\/span><\/p>\n<p><b><span lang=\"CA\">Com el curs passat, des de l&#8217;AMPA s&#8217;ofereix tamb\u00e9 la possibilitat de fer CASAL, del 10 al 21 de juny de 15,00h a 17,00h, destinat nom\u00e9s a l&#8217;alumnat de l&#8217;escola. Per\u00edode d&#8217;inscripci\u00f3 fins el proper 31 de maig.<\/span><\/b><\/p>\n<p>En aquest enlla\u00e7 trobareu tota la informaci\u00f3:<\/p>\n<p><a href=\"https:\/\/agora.xtec.cat\/ceip-escola-montsant-reus\/wp-content\/uploads\/usu1887\/2019\/05\/Casal-Juny-2019-1.doc\">Descarrega&#8217;t la butlleta d&#8217;inscripci\u00f3 al Casal Juny 2019<\/a><\/p>\n<p><span lang=\"CA\">\u00a0<\/span><span lang=\"CA\">Atentament,<\/span><\/p>\n<p><span lang=\"CA\">ESCOLA I AMPA MONTSANT<\/span><\/p>\n","protected":false},"excerpt":{"rendered":"<p><a href=\"https:\/\/agora.xtec.cat\/ceip-escola-montsant-reus\/wp-content\/uploads\/usu1887\/2019\/05\/10.-JUNY.jpg\"><\/a><br \/>\nBenvolgudes fam\u00edlies,<br \/>\nUs recordem que\u00a0del dilluns 10 de juny al divendres 21 de juny\u00a0farem horari de\u00a0jornada\u00a0intensiva al centre. El dia 21 finalitzarem les classes.<br \/>\nL\u2019horari de les classes durant la jornada intensiva ser\u00e0 de 8,30h a 12,30h.<br \/>\nL\u2019alumnat que faci \u00fas del servei de menjador marxar\u00e0 a&hellip;  <a href=\"https:\/\/agora.xtec.cat\/ceip-escola-montsant-reus\/general\/programacio-jornada-intensiva\/\" title=\"Read PROGRAMACI\u00d3 JORNADA INTENSIVA\">Llegeix m\u00e9s\u00bb<\/a><\/p>\n","protected":false},"author":1,"featured_media":1089,"comment_status":"open","ping_status":"closed","sticky":false,"template":"","format":"standard","meta":{"_bbp_topic_count":0,"_bbp_reply_count":0,"_bbp_total_topic_count":0,"_bbp_total_reply_count":0,"_bbp_voice_count":0,"_bbp_anonymous_reply_count":0,"_bbp_topic_count_hidden":0,"_bbp_reply_count_hidden":0,"_bbp_forum_subforum_count":0,"footnotes":""},"categories":[65,59,1,4],"tags":[],"class_list":["post-1088","post","type-post","status-publish","format-standard","has-post-thumbnail","hentry","category-ampa","category-escola","category-general","category-portada"],"post_mailing_queue_ids":[],"_links":{"self":[{"href":"https:\/\/agora.xtec.cat\/ceip-escola-montsant-reus\/wp-json\/wp\/v2\/posts\/1088","targetHints":{"allow":["GET"]}}],"collection":[{"href":"https:\/\/agora.xtec.cat\/ceip-escola-montsant-reus\/wp-json\/wp\/v2\/posts"}],"about":[{"href":"https:\/\/agora.xtec.cat\/ceip-escola-montsant-reus\/wp-json\/wp\/v2\/types\/post"}],"author":[{"embeddable":true,"href":"https:\/\/agora.xtec.cat\/ceip-escola-montsant-reus\/wp-json\/wp\/v2\/users\/1"}],"replies":[{"embeddable":true,"href":"https:\/\/agora.xtec.cat\/ceip-escola-montsant-reus\/wp-json\/wp\/v2\/comments?post=1088"}],"version-history":[{"count":1,"href":"https:\/\/agora.xtec.cat\/ceip-escola-montsant-reus\/wp-json\/wp\/v2\/posts\/1088\/revisions"}],"predecessor-version":[{"id":1093,"href":"https:\/\/agora.xtec.cat\/ceip-escola-montsant-reus\/wp-json\/wp\/v2\/posts\/1088\/revisions\/1093"}],"wp:featuredmedia":[{"embeddable":true,"href":"https:\/\/agora.xtec.cat\/ceip-escola-montsant-reus\/wp-json\/wp\/v2\/media\/1089"}],"wp:attachment":[{"href":"https:\/\/agora.xtec.cat\/ceip-escola-montsant-reus\/wp-json\/wp\/v2\/media?parent=1088"}],"wp:term":[{"taxonomy":"category","embeddable":true,"href":"https:\/\/agora.xtec.cat\/ceip-escola-montsant-reus\/wp-json\/wp\/v2\/categories?post=1088"},{"taxonomy":"post_tag","embeddable":true,"href":"https:\/\/agora.xtec.cat\/ceip-escola-montsant-reus\/wp-json\/wp\/v2\/tags?post=1088"}],"curies":[{"name":"wp","href":"https:\/\/api.w.org\/{rel}","templated":true}]}}