{"id":1074,"date":"2019-05-19T19:01:49","date_gmt":"2019-05-19T17:01:49","guid":{"rendered":"http:\/\/agora.xtec.cat\/ceip-escola-montsant-reus\/?p=1074"},"modified":"2019-05-19T19:01:54","modified_gmt":"2019-05-19T17:01:54","slug":"apadrina-19","status":"publish","type":"post","link":"https:\/\/agora.xtec.cat\/ceip-escola-montsant-reus\/general\/apadrina-19\/","title":{"rendered":"APADRINA 19"},"content":{"rendered":"<p><a href=\"https:\/\/agora.xtec.cat\/ceip-escola-montsant-reus\/wp-content\/uploads\/usu1887\/2019\/05\/60503853_2854834988075517_9208607979400593408_n.jpg\"><img loading=\"lazy\" decoding=\"async\" class=\"alignnone size-full wp-image-1075\" src=\"https:\/\/agora.xtec.cat\/ceip-escola-montsant-reus\/wp-content\/uploads\/usu1887\/2019\/05\/60503853_2854834988075517_9208607979400593408_n.jpg\" alt=\"\" width=\"960\" height=\"960\" srcset=\"https:\/\/agora.xtec.cat\/ceip-escola-montsant-reus\/wp-content\/uploads\/usu1887\/2019\/05\/60503853_2854834988075517_9208607979400593408_n.jpg 960w, https:\/\/agora.xtec.cat\/ceip-escola-montsant-reus\/wp-content\/uploads\/usu1887\/2019\/05\/60503853_2854834988075517_9208607979400593408_n-150x150.jpg 150w, https:\/\/agora.xtec.cat\/ceip-escola-montsant-reus\/wp-content\/uploads\/usu1887\/2019\/05\/60503853_2854834988075517_9208607979400593408_n-300x300.jpg 300w, https:\/\/agora.xtec.cat\/ceip-escola-montsant-reus\/wp-content\/uploads\/usu1887\/2019\/05\/60503853_2854834988075517_9208607979400593408_n-768x768.jpg 768w\" sizes=\"auto, (max-width: 960px) 100vw, 960px\" \/><\/a><\/p>\n<p>L&#8217;alumnat de 6\u00e8 Xaloc ha fet de guies tur\u00edstics i han explicat moltes curiositats del Mercadal. Durant la tarda dels dissabte 18 de maig, han fet 2 torns de 5 visites alhora per a tothom qui ha volgut descobrir la vida de la Pla\u00e7a del Mercadal, passant per explicacions in situ de la <em>Casa Nav\u00e0s<\/em>, el <em>Gaud\u00ed Centre<\/em>, l&#8217;<em>Ajuntament<\/em>&#8230; tot contextualitzat des de la vessant hist\u00f2rica per\u00f2 tamb\u00e9 l&#8217;actual. Han estat hores de preparaci\u00f3 i podem dir, molt contents, que els nostre alumnat coneix la ciutat i la seva hist\u00f2ria.<\/p>\n<p>Felicitats nois i noies, i mestra Laura!<\/p>\n<p>Aqu\u00ed teniu un enlla\u00e7 amb imatges de la jornada de dissabte:<\/p>\n<p><a href=\"https:\/\/photos.app.goo.gl\/mGmpvkaEHR3Dqgz26\">https:\/\/photos.app.goo.gl\/mGmpvkaEHR3Dqgz26<\/a><\/p>\n<p>&nbsp;<\/p>\n<p>&nbsp;<\/p>\n","protected":false},"excerpt":{"rendered":"<p><a href=\"https:\/\/agora.xtec.cat\/ceip-escola-montsant-reus\/wp-content\/uploads\/usu1887\/2019\/05\/60503853_2854834988075517_9208607979400593408_n.jpg\"><\/a><br \/>\nL&#8217;alumnat de 6\u00e8 Xaloc ha fet de guies tur\u00edstics i han explicat moltes curiositats del Mercadal. Durant la tarda dels dissabte 18 de maig, han fet 2 torns de 5 visites alhora per a tothom qui ha volgut descobrir la vida de la Pla\u00e7a&hellip;  <a href=\"https:\/\/agora.xtec.cat\/ceip-escola-montsant-reus\/general\/apadrina-19\/\" title=\"Read APADRINA 19\">Llegeix m\u00e9s\u00bb<\/a><\/p>\n","protected":false},"author":1,"featured_media":1075,"comment_status":"open","ping_status":"closed","sticky":false,"template":"","format":"standard","meta":{"_bbp_topic_count":0,"_bbp_reply_count":0,"_bbp_total_topic_count":0,"_bbp_total_reply_count":0,"_bbp_voice_count":0,"_bbp_anonymous_reply_count":0,"_bbp_topic_count_hidden":0,"_bbp_reply_count_hidden":0,"_bbp_forum_subforum_count":0,"footnotes":""},"categories":[59,1,4],"tags":[],"class_list":["post-1074","post","type-post","status-publish","format-standard","has-post-thumbnail","hentry","category-escola","category-general","category-portada"],"post_mailing_queue_ids":[],"_links":{"self":[{"href":"https:\/\/agora.xtec.cat\/ceip-escola-montsant-reus\/wp-json\/wp\/v2\/posts\/1074","targetHints":{"allow":["GET"]}}],"collection":[{"href":"https:\/\/agora.xtec.cat\/ceip-escola-montsant-reus\/wp-json\/wp\/v2\/posts"}],"about":[{"href":"https:\/\/agora.xtec.cat\/ceip-escola-montsant-reus\/wp-json\/wp\/v2\/types\/post"}],"author":[{"embeddable":true,"href":"https:\/\/agora.xtec.cat\/ceip-escola-montsant-reus\/wp-json\/wp\/v2\/users\/1"}],"replies":[{"embeddable":true,"href":"https:\/\/agora.xtec.cat\/ceip-escola-montsant-reus\/wp-json\/wp\/v2\/comments?post=1074"}],"version-history":[{"count":1,"href":"https:\/\/agora.xtec.cat\/ceip-escola-montsant-reus\/wp-json\/wp\/v2\/posts\/1074\/revisions"}],"predecessor-version":[{"id":1076,"href":"https:\/\/agora.xtec.cat\/ceip-escola-montsant-reus\/wp-json\/wp\/v2\/posts\/1074\/revisions\/1076"}],"wp:featuredmedia":[{"embeddable":true,"href":"https:\/\/agora.xtec.cat\/ceip-escola-montsant-reus\/wp-json\/wp\/v2\/media\/1075"}],"wp:attachment":[{"href":"https:\/\/agora.xtec.cat\/ceip-escola-montsant-reus\/wp-json\/wp\/v2\/media?parent=1074"}],"wp:term":[{"taxonomy":"category","embeddable":true,"href":"https:\/\/agora.xtec.cat\/ceip-escola-montsant-reus\/wp-json\/wp\/v2\/categories?post=1074"},{"taxonomy":"post_tag","embeddable":true,"href":"https:\/\/agora.xtec.cat\/ceip-escola-montsant-reus\/wp-json\/wp\/v2\/tags?post=1074"}],"curies":[{"name":"wp","href":"https:\/\/api.w.org\/{rel}","templated":true}]}}