{"id":1071,"date":"2019-05-17T16:28:41","date_gmt":"2019-05-17T14:28:41","guid":{"rendered":"http:\/\/agora.xtec.cat\/ceip-escola-montsant-reus\/?p=1071"},"modified":"2019-05-22T09:33:40","modified_gmt":"2019-05-22T07:33:40","slug":"beques-menjador-2019-2020","status":"publish","type":"post","link":"https:\/\/agora.xtec.cat\/ceip-escola-montsant-reus\/general\/beques-menjador-2019-2020\/","title":{"rendered":"BEQUES MENJADOR 2019-2020"},"content":{"rendered":"<p>Tota la informaci\u00f3 sobre les beques de menjador per al curs 2019-2020.<\/p>\n<p><a href=\"http:\/\/www.reus.cat\/es\/node\/68431\">http:\/\/www.reus.cat\/es\/node\/68431<\/a><\/p>\n<p><a href=\"https:\/\/seu.reus.cat\/seu\/carpetaCiutadana\/tramit\/44378\">https:\/\/seu.reus.cat\/seu\/carpetaCiutadana\/tramit\/44378<\/a><\/p>\n<p><strong>Recordeu que el per\u00edode per fer el tr\u00e0mit \u00e9s del 20 de maig al 21 de juny de 2019<\/strong><\/p>\n<p><strong>ATENCI\u00d3!!! SI HEU FET PREINSCRIPCI\u00d3 A P3, ENS PODEU SOL\u00b7LICITAR EL N\u00daM.IDALU (N\u00daMERO IDENTIFICADOR ALUMNE) A SECRETARIA, JA QUE EL NECESSITAREU PER FER LA SOL\u00b7LICITUD.<\/strong><\/p>\n","protected":false},"excerpt":{"rendered":"<p>Tota la informaci\u00f3 sobre les beques de menjador per al curs 2019-2020.<br \/>\n<a href=\"http:\/\/www.reus.cat\/es\/node\/68431\">http:\/\/www.reus.cat\/es\/node\/68431<\/a><br \/>\n<a href=\"https:\/\/seu.reus.cat\/seu\/carpetaCiutadana\/tramit\/44378\">https:\/\/seu.reus.cat\/seu\/carpetaCiutadana\/tramit\/44378<\/a><br \/>\nRecordeu que el per\u00edode per fer el tr\u00e0mit \u00e9s del 20 de maig al 21 de juny de 2019<br \/>\nATENCI\u00d3!!! SI HEU FET PREINSCRIPCI\u00d3 A P3, ENS PODEU SOL\u00b7LICITAR EL N\u00daM.IDALU (N\u00daMERO IDENTIFICADOR&hellip;  <a href=\"https:\/\/agora.xtec.cat\/ceip-escola-montsant-reus\/general\/beques-menjador-2019-2020\/\" title=\"Read BEQUES MENJADOR 2019-2020\">Llegeix m\u00e9s\u00bb<\/a><\/p>\n","protected":false},"author":1,"featured_media":0,"comment_status":"open","ping_status":"closed","sticky":false,"template":"","format":"standard","meta":{"_bbp_topic_count":0,"_bbp_reply_count":0,"_bbp_total_topic_count":0,"_bbp_total_reply_count":0,"_bbp_voice_count":0,"_bbp_anonymous_reply_count":0,"_bbp_topic_count_hidden":0,"_bbp_reply_count_hidden":0,"_bbp_forum_subforum_count":0,"footnotes":""},"categories":[65,59,1,4],"tags":[],"class_list":["post-1071","post","type-post","status-publish","format-standard","hentry","category-ampa","category-escola","category-general","category-portada"],"post_mailing_queue_ids":[],"_links":{"self":[{"href":"https:\/\/agora.xtec.cat\/ceip-escola-montsant-reus\/wp-json\/wp\/v2\/posts\/1071","targetHints":{"allow":["GET"]}}],"collection":[{"href":"https:\/\/agora.xtec.cat\/ceip-escola-montsant-reus\/wp-json\/wp\/v2\/posts"}],"about":[{"href":"https:\/\/agora.xtec.cat\/ceip-escola-montsant-reus\/wp-json\/wp\/v2\/types\/post"}],"author":[{"embeddable":true,"href":"https:\/\/agora.xtec.cat\/ceip-escola-montsant-reus\/wp-json\/wp\/v2\/users\/1"}],"replies":[{"embeddable":true,"href":"https:\/\/agora.xtec.cat\/ceip-escola-montsant-reus\/wp-json\/wp\/v2\/comments?post=1071"}],"version-history":[{"count":3,"href":"https:\/\/agora.xtec.cat\/ceip-escola-montsant-reus\/wp-json\/wp\/v2\/posts\/1071\/revisions"}],"predecessor-version":[{"id":1098,"href":"https:\/\/agora.xtec.cat\/ceip-escola-montsant-reus\/wp-json\/wp\/v2\/posts\/1071\/revisions\/1098"}],"wp:attachment":[{"href":"https:\/\/agora.xtec.cat\/ceip-escola-montsant-reus\/wp-json\/wp\/v2\/media?parent=1071"}],"wp:term":[{"taxonomy":"category","embeddable":true,"href":"https:\/\/agora.xtec.cat\/ceip-escola-montsant-reus\/wp-json\/wp\/v2\/categories?post=1071"},{"taxonomy":"post_tag","embeddable":true,"href":"https:\/\/agora.xtec.cat\/ceip-escola-montsant-reus\/wp-json\/wp\/v2\/tags?post=1071"}],"curies":[{"name":"wp","href":"https:\/\/api.w.org\/{rel}","templated":true}]}}