{"id":1054,"date":"2019-05-15T12:11:22","date_gmt":"2019-05-15T10:11:22","guid":{"rendered":"http:\/\/agora.xtec.cat\/ceip-escola-montsant-reus\/?p=1054"},"modified":"2019-05-15T12:11:22","modified_gmt":"2019-05-15T10:11:22","slug":"fem-coral-19","status":"publish","type":"post","link":"https:\/\/agora.xtec.cat\/ceip-escola-montsant-reus\/general\/fem-coral-19\/","title":{"rendered":"FEM CORAL 19"},"content":{"rendered":"<p><a href=\"https:\/\/agora.xtec.cat\/ceip-escola-montsant-reus\/wp-content\/uploads\/usu1887\/2019\/05\/20190514_174627.jpg\"><img loading=\"lazy\" decoding=\"async\" class=\"alignnone size-full wp-image-1055\" src=\"https:\/\/agora.xtec.cat\/ceip-escola-montsant-reus\/wp-content\/uploads\/usu1887\/2019\/05\/20190514_174627.jpg\" alt=\"\" width=\"1000\" height=\"750\" srcset=\"https:\/\/agora.xtec.cat\/ceip-escola-montsant-reus\/wp-content\/uploads\/usu1887\/2019\/05\/20190514_174627.jpg 1000w, https:\/\/agora.xtec.cat\/ceip-escola-montsant-reus\/wp-content\/uploads\/usu1887\/2019\/05\/20190514_174627-300x225.jpg 300w, https:\/\/agora.xtec.cat\/ceip-escola-montsant-reus\/wp-content\/uploads\/usu1887\/2019\/05\/20190514_174627-768x576.jpg 768w, https:\/\/agora.xtec.cat\/ceip-escola-montsant-reus\/wp-content\/uploads\/usu1887\/2019\/05\/20190514_174627-200x150.jpg 200w\" sizes=\"auto, (max-width: 1000px) 100vw, 1000px\" \/><\/a><\/p>\n<p>Ahir, 15 de maig, l&#8217;alumnat de 4t Ginesta, amb les mestres Cristina i Judit, va participar al Fem Coral. Enguany es dedicar a la ballarina reusenca Roseta Mauri. Un gran espectacle que va combinar la m\u00fasica i la dansa.<\/p>\n<p>Enhorabona a tot l&#8217;alumnat i mestres de les escoles participants i a tot el personal d&#8217;organitzaci\u00f3 de l&#8217;event.<\/p>\n<p>Aqu\u00ed us deixem un enlla\u00e7 amb fotografies i un altre enlla\u00e7 amb la nota de premsa de l&#8217;Ajuntament:<\/p>\n<p><a href=\"https:\/\/photos.app.goo.gl\/ZaGosWPhPRE6GLRW9\">https:\/\/photos.app.goo.gl\/ZaGosWPhPRE6GLRW9<\/a><\/p>\n<p><a href=\"http:\/\/www.reus.cat\/noticia\/un-miler-dinfants-omplen-el-pavello-olimpic-homenatjar-la-ballarina-roseta-mauri-durant-la\">http:\/\/www.reus.cat\/noticia\/un-miler-dinfants-omplen-el-pavello-olimpic-homenatjar-la-ballarina-roseta-mauri-durant-la<\/a><\/p>\n<p>&nbsp;<\/p>\n","protected":false},"excerpt":{"rendered":"<p><a href=\"https:\/\/agora.xtec.cat\/ceip-escola-montsant-reus\/wp-content\/uploads\/usu1887\/2019\/05\/20190514_174627.jpg\"><\/a><br \/>\nAhir, 15 de maig, l&#8217;alumnat de 4t Ginesta, amb les mestres Cristina i Judit, va participar al Fem Coral. Enguany es dedicar a la ballarina reusenca Roseta Mauri. Un gran espectacle que va combinar la m\u00fasica i la dansa.<br \/>\nEnhorabona a tot l&#8217;alumnat i mestres&hellip;  <a href=\"https:\/\/agora.xtec.cat\/ceip-escola-montsant-reus\/general\/fem-coral-19\/\" title=\"Read FEM CORAL 19\">Llegeix m\u00e9s\u00bb<\/a><\/p>\n","protected":false},"author":1,"featured_media":1055,"comment_status":"open","ping_status":"closed","sticky":false,"template":"","format":"standard","meta":{"_bbp_topic_count":0,"_bbp_reply_count":0,"_bbp_total_topic_count":0,"_bbp_total_reply_count":0,"_bbp_voice_count":0,"_bbp_anonymous_reply_count":0,"_bbp_topic_count_hidden":0,"_bbp_reply_count_hidden":0,"_bbp_forum_subforum_count":0,"footnotes":""},"categories":[59,1,4],"tags":[],"class_list":["post-1054","post","type-post","status-publish","format-standard","has-post-thumbnail","hentry","category-escola","category-general","category-portada"],"post_mailing_queue_ids":[],"_links":{"self":[{"href":"https:\/\/agora.xtec.cat\/ceip-escola-montsant-reus\/wp-json\/wp\/v2\/posts\/1054","targetHints":{"allow":["GET"]}}],"collection":[{"href":"https:\/\/agora.xtec.cat\/ceip-escola-montsant-reus\/wp-json\/wp\/v2\/posts"}],"about":[{"href":"https:\/\/agora.xtec.cat\/ceip-escola-montsant-reus\/wp-json\/wp\/v2\/types\/post"}],"author":[{"embeddable":true,"href":"https:\/\/agora.xtec.cat\/ceip-escola-montsant-reus\/wp-json\/wp\/v2\/users\/1"}],"replies":[{"embeddable":true,"href":"https:\/\/agora.xtec.cat\/ceip-escola-montsant-reus\/wp-json\/wp\/v2\/comments?post=1054"}],"version-history":[{"count":1,"href":"https:\/\/agora.xtec.cat\/ceip-escola-montsant-reus\/wp-json\/wp\/v2\/posts\/1054\/revisions"}],"predecessor-version":[{"id":1056,"href":"https:\/\/agora.xtec.cat\/ceip-escola-montsant-reus\/wp-json\/wp\/v2\/posts\/1054\/revisions\/1056"}],"wp:featuredmedia":[{"embeddable":true,"href":"https:\/\/agora.xtec.cat\/ceip-escola-montsant-reus\/wp-json\/wp\/v2\/media\/1055"}],"wp:attachment":[{"href":"https:\/\/agora.xtec.cat\/ceip-escola-montsant-reus\/wp-json\/wp\/v2\/media?parent=1054"}],"wp:term":[{"taxonomy":"category","embeddable":true,"href":"https:\/\/agora.xtec.cat\/ceip-escola-montsant-reus\/wp-json\/wp\/v2\/categories?post=1054"},{"taxonomy":"post_tag","embeddable":true,"href":"https:\/\/agora.xtec.cat\/ceip-escola-montsant-reus\/wp-json\/wp\/v2\/tags?post=1054"}],"curies":[{"name":"wp","href":"https:\/\/api.w.org\/{rel}","templated":true}]}}