{"id":1037,"date":"2019-05-13T06:23:36","date_gmt":"2019-05-13T04:23:36","guid":{"rendered":"http:\/\/agora.xtec.cat\/ceip-escola-montsant-reus\/?p=1037"},"modified":"2019-05-14T06:23:53","modified_gmt":"2019-05-14T04:23:53","slug":"sortida-de-3r-romani-a-laleixar","status":"publish","type":"post","link":"https:\/\/agora.xtec.cat\/ceip-escola-montsant-reus\/general\/sortida-de-3r-romani-a-laleixar\/","title":{"rendered":"Sortida de 3r Roman\u00ed a l&#8217;Aleixar"},"content":{"rendered":"<p>La classe Roman\u00ed hem visitat l&#8217;Aleixar. Ho hem fet perqu\u00e8 estem estudiant els pobles del Baix Camp. Ens ho hem passat molt b\u00e9!!!<\/p>\n<p><a href=\"https:\/\/agora.xtec.cat\/ceip-escola-montsant-reus\/wp-content\/uploads\/usu1887\/2019\/05\/60293490_2849936521898697_9058393529742524416_n.jpg\"><img loading=\"lazy\" decoding=\"async\" class=\"alignnone size-full wp-image-1038\" src=\"https:\/\/agora.xtec.cat\/ceip-escola-montsant-reus\/wp-content\/uploads\/usu1887\/2019\/05\/60293490_2849936521898697_9058393529742524416_n.jpg\" alt=\"\" width=\"960\" height=\"960\" srcset=\"https:\/\/agora.xtec.cat\/ceip-escola-montsant-reus\/wp-content\/uploads\/usu1887\/2019\/05\/60293490_2849936521898697_9058393529742524416_n.jpg 960w, https:\/\/agora.xtec.cat\/ceip-escola-montsant-reus\/wp-content\/uploads\/usu1887\/2019\/05\/60293490_2849936521898697_9058393529742524416_n-150x150.jpg 150w, https:\/\/agora.xtec.cat\/ceip-escola-montsant-reus\/wp-content\/uploads\/usu1887\/2019\/05\/60293490_2849936521898697_9058393529742524416_n-300x300.jpg 300w, https:\/\/agora.xtec.cat\/ceip-escola-montsant-reus\/wp-content\/uploads\/usu1887\/2019\/05\/60293490_2849936521898697_9058393529742524416_n-768x768.jpg 768w\" sizes=\"auto, (max-width: 960px) 100vw, 960px\" \/><\/a><\/p>\n","protected":false},"excerpt":{"rendered":"<p>La classe Roman\u00ed hem visitat l&#8217;Aleixar. Ho hem fet perqu\u00e8 estem estudiant els pobles del Baix Camp. Ens ho hem passat molt b\u00e9!!!<br \/>\n<a href=\"https:\/\/agora.xtec.cat\/ceip-escola-montsant-reus\/wp-content\/uploads\/usu1887\/2019\/05\/60293490_2849936521898697_9058393529742524416_n.jpg\"><\/a><\/p>\n","protected":false},"author":1,"featured_media":1038,"comment_status":"open","ping_status":"closed","sticky":false,"template":"","format":"standard","meta":{"_bbp_topic_count":0,"_bbp_reply_count":0,"_bbp_total_topic_count":0,"_bbp_total_reply_count":0,"_bbp_voice_count":0,"_bbp_anonymous_reply_count":0,"_bbp_topic_count_hidden":0,"_bbp_reply_count_hidden":0,"_bbp_forum_subforum_count":0,"footnotes":""},"categories":[59,1,4],"tags":[],"class_list":["post-1037","post","type-post","status-publish","format-standard","has-post-thumbnail","hentry","category-escola","category-general","category-portada"],"post_mailing_queue_ids":[],"_links":{"self":[{"href":"https:\/\/agora.xtec.cat\/ceip-escola-montsant-reus\/wp-json\/wp\/v2\/posts\/1037","targetHints":{"allow":["GET"]}}],"collection":[{"href":"https:\/\/agora.xtec.cat\/ceip-escola-montsant-reus\/wp-json\/wp\/v2\/posts"}],"about":[{"href":"https:\/\/agora.xtec.cat\/ceip-escola-montsant-reus\/wp-json\/wp\/v2\/types\/post"}],"author":[{"embeddable":true,"href":"https:\/\/agora.xtec.cat\/ceip-escola-montsant-reus\/wp-json\/wp\/v2\/users\/1"}],"replies":[{"embeddable":true,"href":"https:\/\/agora.xtec.cat\/ceip-escola-montsant-reus\/wp-json\/wp\/v2\/comments?post=1037"}],"version-history":[{"count":1,"href":"https:\/\/agora.xtec.cat\/ceip-escola-montsant-reus\/wp-json\/wp\/v2\/posts\/1037\/revisions"}],"predecessor-version":[{"id":1039,"href":"https:\/\/agora.xtec.cat\/ceip-escola-montsant-reus\/wp-json\/wp\/v2\/posts\/1037\/revisions\/1039"}],"wp:featuredmedia":[{"embeddable":true,"href":"https:\/\/agora.xtec.cat\/ceip-escola-montsant-reus\/wp-json\/wp\/v2\/media\/1038"}],"wp:attachment":[{"href":"https:\/\/agora.xtec.cat\/ceip-escola-montsant-reus\/wp-json\/wp\/v2\/media?parent=1037"}],"wp:term":[{"taxonomy":"category","embeddable":true,"href":"https:\/\/agora.xtec.cat\/ceip-escola-montsant-reus\/wp-json\/wp\/v2\/categories?post=1037"},{"taxonomy":"post_tag","embeddable":true,"href":"https:\/\/agora.xtec.cat\/ceip-escola-montsant-reus\/wp-json\/wp\/v2\/tags?post=1037"}],"curies":[{"name":"wp","href":"https:\/\/api.w.org\/{rel}","templated":true}]}}