{"id":1034,"date":"2019-05-11T06:13:03","date_gmt":"2019-05-11T04:13:03","guid":{"rendered":"http:\/\/agora.xtec.cat\/ceip-escola-montsant-reus\/?p=1034"},"modified":"2019-05-14T06:18:54","modified_gmt":"2019-05-14T04:18:54","slug":"xvii-trobada-de-corals-del-departament-deducacio","status":"publish","type":"post","link":"https:\/\/agora.xtec.cat\/ceip-escola-montsant-reus\/general\/xvii-trobada-de-corals-del-departament-deducacio\/","title":{"rendered":"XVII Trobada de Corals del Departament d&#8217;Educaci\u00f3"},"content":{"rendered":"<p><a href=\"https:\/\/agora.xtec.cat\/ceip-escola-montsant-reus\/wp-content\/uploads\/usu1887\/2019\/05\/20190511_111256.jpg\"><img loading=\"lazy\" decoding=\"async\" class=\"alignnone size-full wp-image-1035\" src=\"https:\/\/agora.xtec.cat\/ceip-escola-montsant-reus\/wp-content\/uploads\/usu1887\/2019\/05\/20190511_111256.jpg\" alt=\"\" width=\"1000\" height=\"562\" srcset=\"https:\/\/agora.xtec.cat\/ceip-escola-montsant-reus\/wp-content\/uploads\/usu1887\/2019\/05\/20190511_111256.jpg 1000w, https:\/\/agora.xtec.cat\/ceip-escola-montsant-reus\/wp-content\/uploads\/usu1887\/2019\/05\/20190511_111256-300x169.jpg 300w, https:\/\/agora.xtec.cat\/ceip-escola-montsant-reus\/wp-content\/uploads\/usu1887\/2019\/05\/20190511_111256-768x432.jpg 768w\" sizes=\"auto, (max-width: 1000px) 100vw, 1000px\" \/><\/a><\/p>\n<p>Enhorabona a la coral <em>Montsant Sona<\/em> per l&#8217;actuaci\u00f3 a la XVII Trobada de corals infantils i de prim\u00e0ria del Departament d&#8217;Educaci\u00f3. Han interpretat &#8221; El petit pr\u00edncep&#8221; de Manu Guix i \u00c0ngel Ll\u00e0tzer; i &#8220;Bonse Aba&#8221;, tradicional de Z\u00e0mbia; a m\u00e9s de les 3 can\u00e7ons conjuntes amb les altres 16 corals.<\/p>\n<p>Felicitats als cantants, a l&#8217;Albert Sans., l&#8217;Albert Galcer\u00e0., i a la mestra Judit.<\/p>\n<p>Fotos a:<a href=\"https:\/\/photos.app.goo.gl\/d7nmwVubMEqmmcHK6\">\u00a0https:\/\/photos.app.goo.gl\/d7nmwVubMEqmmcHK6<\/a><\/p>\n<p><iframe loading=\"lazy\" title=\"Montsant Sona 11 05 19\" width=\"500\" height=\"375\" src=\"https:\/\/www.youtube.com\/embed\/9MP3wqjKT7w?feature=oembed\" frameborder=\"0\" allow=\"accelerometer; autoplay; clipboard-write; encrypted-media; gyroscope; picture-in-picture; web-share\" referrerpolicy=\"strict-origin-when-cross-origin\" allowfullscreen><\/iframe><\/p>\n","protected":false},"excerpt":{"rendered":"<p><a href=\"https:\/\/agora.xtec.cat\/ceip-escola-montsant-reus\/wp-content\/uploads\/usu1887\/2019\/05\/20190511_111256.jpg\"><\/a><br \/>\nEnhorabona a la coral Montsant Sona per l&#8217;actuaci\u00f3 a la XVII Trobada de corals infantils i de prim\u00e0ria del Departament d&#8217;Educaci\u00f3. Han interpretat &#8221; El petit pr\u00edncep&#8221; de Manu Guix i \u00c0ngel Ll\u00e0tzer; i &#8220;Bonse Aba&#8221;, tradicional de Z\u00e0mbia; a m\u00e9s de les 3&hellip;  <a href=\"https:\/\/agora.xtec.cat\/ceip-escola-montsant-reus\/general\/xvii-trobada-de-corals-del-departament-deducacio\/\" title=\"Read XVII Trobada de Corals del Departament d&#8217;Educaci\u00f3\">Llegeix m\u00e9s\u00bb<\/a><\/p>\n","protected":false},"author":1,"featured_media":1035,"comment_status":"open","ping_status":"closed","sticky":false,"template":"","format":"standard","meta":{"_bbp_topic_count":0,"_bbp_reply_count":0,"_bbp_total_topic_count":0,"_bbp_total_reply_count":0,"_bbp_voice_count":0,"_bbp_anonymous_reply_count":0,"_bbp_topic_count_hidden":0,"_bbp_reply_count_hidden":0,"_bbp_forum_subforum_count":0,"footnotes":""},"categories":[59,1,4],"tags":[],"class_list":["post-1034","post","type-post","status-publish","format-standard","has-post-thumbnail","hentry","category-escola","category-general","category-portada"],"post_mailing_queue_ids":[],"_links":{"self":[{"href":"https:\/\/agora.xtec.cat\/ceip-escola-montsant-reus\/wp-json\/wp\/v2\/posts\/1034","targetHints":{"allow":["GET"]}}],"collection":[{"href":"https:\/\/agora.xtec.cat\/ceip-escola-montsant-reus\/wp-json\/wp\/v2\/posts"}],"about":[{"href":"https:\/\/agora.xtec.cat\/ceip-escola-montsant-reus\/wp-json\/wp\/v2\/types\/post"}],"author":[{"embeddable":true,"href":"https:\/\/agora.xtec.cat\/ceip-escola-montsant-reus\/wp-json\/wp\/v2\/users\/1"}],"replies":[{"embeddable":true,"href":"https:\/\/agora.xtec.cat\/ceip-escola-montsant-reus\/wp-json\/wp\/v2\/comments?post=1034"}],"version-history":[{"count":1,"href":"https:\/\/agora.xtec.cat\/ceip-escola-montsant-reus\/wp-json\/wp\/v2\/posts\/1034\/revisions"}],"predecessor-version":[{"id":1036,"href":"https:\/\/agora.xtec.cat\/ceip-escola-montsant-reus\/wp-json\/wp\/v2\/posts\/1034\/revisions\/1036"}],"wp:featuredmedia":[{"embeddable":true,"href":"https:\/\/agora.xtec.cat\/ceip-escola-montsant-reus\/wp-json\/wp\/v2\/media\/1035"}],"wp:attachment":[{"href":"https:\/\/agora.xtec.cat\/ceip-escola-montsant-reus\/wp-json\/wp\/v2\/media?parent=1034"}],"wp:term":[{"taxonomy":"category","embeddable":true,"href":"https:\/\/agora.xtec.cat\/ceip-escola-montsant-reus\/wp-json\/wp\/v2\/categories?post=1034"},{"taxonomy":"post_tag","embeddable":true,"href":"https:\/\/agora.xtec.cat\/ceip-escola-montsant-reus\/wp-json\/wp\/v2\/tags?post=1034"}],"curies":[{"name":"wp","href":"https:\/\/api.w.org\/{rel}","templated":true}]}}