{"id":1023,"date":"2019-05-10T12:22:06","date_gmt":"2019-05-10T10:22:06","guid":{"rendered":"http:\/\/agora.xtec.cat\/ceip-escola-montsant-reus\/?p=1023"},"modified":"2019-05-10T12:24:07","modified_gmt":"2019-05-10T10:24:07","slug":"lets-clean-up-europe-19","status":"publish","type":"post","link":"https:\/\/agora.xtec.cat\/ceip-escola-montsant-reus\/general\/lets-clean-up-europe-19\/","title":{"rendered":"Let&#8217;s Clean Up Europe 19"},"content":{"rendered":"<p><a href=\"https:\/\/agora.xtec.cat\/ceip-escola-montsant-reus\/wp-content\/uploads\/usu1887\/2019\/05\/lets-clean-up-19.jpg\"><img loading=\"lazy\" decoding=\"async\" class=\"alignnone size-full wp-image-1024\" src=\"https:\/\/agora.xtec.cat\/ceip-escola-montsant-reus\/wp-content\/uploads\/usu1887\/2019\/05\/lets-clean-up-19.jpg\" alt=\"\" width=\"989\" height=\"424\" srcset=\"https:\/\/agora.xtec.cat\/ceip-escola-montsant-reus\/wp-content\/uploads\/usu1887\/2019\/05\/lets-clean-up-19.jpg 989w, https:\/\/agora.xtec.cat\/ceip-escola-montsant-reus\/wp-content\/uploads\/usu1887\/2019\/05\/lets-clean-up-19-300x129.jpg 300w, https:\/\/agora.xtec.cat\/ceip-escola-montsant-reus\/wp-content\/uploads\/usu1887\/2019\/05\/lets-clean-up-19-768x329.jpg 768w\" sizes=\"auto, (max-width: 989px) 100vw, 989px\" \/><\/a><\/p>\n<p>Avui, 5\u00e8 Garb\u00ed ha participat en la iniciativa Let&#8217;s Clean Up Europe, una acci\u00f3 del nostre projecte d&#8217;Escola Verda. L&#8217;alumnat i mestres participants han fet una acci\u00f3 de neteja al cam\u00ed de l&#8217;Hospitalera i un tram del Barranc del Calderons. S&#8217;han recollit 65,5 kg de residus en 2 hores. Concretament han estat 11 kg de pl\u00e0stic, 1,5 kg de vidre, 18 kg de paper i 35 kg d&#8217;altres residus.<\/p>\n<p>L&#8217;acci\u00f3 ens ha servit per conscienciar-nos de la import\u00e0ncia de mantenir net i sostenible el nostre entorn proper; i per fer-ne difusi\u00f3 que est\u00e0 a les nostres mans aconseguir-ho.<\/p>\n<p>Aqu\u00ed trobareu fotografies de l&#8217;acci\u00f3:<\/p>\n<p><a href=\"https:\/\/photos.app.goo.gl\/T2xETVhGKkKTny7v5\">https:\/\/photos.app.goo.gl\/T2xETVhGKkKTny7v5<\/a><\/p>\n<p>Escola Verda de l&#8217;Escola Montsant<\/p>\n","protected":false},"excerpt":{"rendered":"<p><a href=\"https:\/\/agora.xtec.cat\/ceip-escola-montsant-reus\/wp-content\/uploads\/usu1887\/2019\/05\/lets-clean-up-19.jpg\"><\/a><br \/>\nAvui, 5\u00e8 Garb\u00ed ha participat en la iniciativa Let&#8217;s Clean Up Europe, una acci\u00f3 del nostre projecte d&#8217;Escola Verda. L&#8217;alumnat i mestres participants han fet una acci\u00f3 de neteja al cam\u00ed de l&#8217;Hospitalera i un tram del Barranc del Calderons. S&#8217;han recollit 65,5 kg&hellip;  <a href=\"https:\/\/agora.xtec.cat\/ceip-escola-montsant-reus\/general\/lets-clean-up-europe-19\/\" title=\"Read Let&#8217;s Clean Up Europe 19\">Llegeix m\u00e9s\u00bb<\/a><\/p>\n","protected":false},"author":1,"featured_media":1024,"comment_status":"open","ping_status":"closed","sticky":false,"template":"","format":"standard","meta":{"_bbp_topic_count":0,"_bbp_reply_count":0,"_bbp_total_topic_count":0,"_bbp_total_reply_count":0,"_bbp_voice_count":0,"_bbp_anonymous_reply_count":0,"_bbp_topic_count_hidden":0,"_bbp_reply_count_hidden":0,"_bbp_forum_subforum_count":0,"footnotes":""},"categories":[59,1,4],"tags":[],"class_list":["post-1023","post","type-post","status-publish","format-standard","has-post-thumbnail","hentry","category-escola","category-general","category-portada"],"post_mailing_queue_ids":[],"_links":{"self":[{"href":"https:\/\/agora.xtec.cat\/ceip-escola-montsant-reus\/wp-json\/wp\/v2\/posts\/1023","targetHints":{"allow":["GET"]}}],"collection":[{"href":"https:\/\/agora.xtec.cat\/ceip-escola-montsant-reus\/wp-json\/wp\/v2\/posts"}],"about":[{"href":"https:\/\/agora.xtec.cat\/ceip-escola-montsant-reus\/wp-json\/wp\/v2\/types\/post"}],"author":[{"embeddable":true,"href":"https:\/\/agora.xtec.cat\/ceip-escola-montsant-reus\/wp-json\/wp\/v2\/users\/1"}],"replies":[{"embeddable":true,"href":"https:\/\/agora.xtec.cat\/ceip-escola-montsant-reus\/wp-json\/wp\/v2\/comments?post=1023"}],"version-history":[{"count":2,"href":"https:\/\/agora.xtec.cat\/ceip-escola-montsant-reus\/wp-json\/wp\/v2\/posts\/1023\/revisions"}],"predecessor-version":[{"id":1026,"href":"https:\/\/agora.xtec.cat\/ceip-escola-montsant-reus\/wp-json\/wp\/v2\/posts\/1023\/revisions\/1026"}],"wp:featuredmedia":[{"embeddable":true,"href":"https:\/\/agora.xtec.cat\/ceip-escola-montsant-reus\/wp-json\/wp\/v2\/media\/1024"}],"wp:attachment":[{"href":"https:\/\/agora.xtec.cat\/ceip-escola-montsant-reus\/wp-json\/wp\/v2\/media?parent=1023"}],"wp:term":[{"taxonomy":"category","embeddable":true,"href":"https:\/\/agora.xtec.cat\/ceip-escola-montsant-reus\/wp-json\/wp\/v2\/categories?post=1023"},{"taxonomy":"post_tag","embeddable":true,"href":"https:\/\/agora.xtec.cat\/ceip-escola-montsant-reus\/wp-json\/wp\/v2\/tags?post=1023"}],"curies":[{"name":"wp","href":"https:\/\/api.w.org\/{rel}","templated":true}]}}