{"id":977,"date":"2020-03-12T13:52:39","date_gmt":"2020-03-12T12:52:39","guid":{"rendered":"http:\/\/agora.xtec.cat\/ceip-ernest-lluch\/?p=977"},"modified":"2020-03-13T08:26:05","modified_gmt":"2020-03-13T07:26:05","slug":"comunicacio-oficial","status":"publish","type":"post","link":"https:\/\/agora.xtec.cat\/ceip-ernest-lluch\/general\/comunicacio-oficial\/","title":{"rendered":"ACTUALITZACI\u00d3: COMUNICACI\u00d3 OFICIAL"},"content":{"rendered":"<p>Benvolgudes fam\u00edlies,<\/p>\n<p>El Departament d&#8217;Educaci\u00f3, seguint instruccions del Departament de Salut i com a mesura excepcional per contenir el coronavirus, <strong>ha pres la decisi\u00f3 de tancar a partir del dia 13 de mar\u00e7 i fins el proper 27 de mar\u00e7, ambd\u00f3s inclosos<\/strong>, tots els centres educatius del pa\u00eds i, per tant, han quedat suspeses les classes en horari lectiu i les activitats extraescolars.<\/p>\n<p>Aix\u00ed doncs, la Jornada de Portes Obertes de dem\u00e0 tamb\u00e9 queda suspesa i, quan tornem a tenir els centres oberts, atendrem les peticions de visites per tal de con\u00e8ixer el nostre projecte educatiu dins l&#8217;horari lectiu. En les instruccions aprovades ahir mateix, el <strong>Departament<\/strong> <strong>d&#8217;Educaci\u00f3<\/strong> preveu que en el procediment de <strong>preinscripci\u00f3<\/strong> <strong>escolar<\/strong> s&#8217;estableixin els mecanismes necessaris per facilitar el lliurament de la documentaci\u00f3 per als casos que no es pugui fer aquest tr\u00e0mit telem\u00e0ticament.<\/p>\n<p>Seguirem prestant atenci\u00f3 a les instruccions del Departament de Salut i a l&#8217;evoluci\u00f3 de la situaci\u00f3.<\/p>\n<p>&nbsp;<\/p>\n<p>Us seguirem informant.<\/p>\n<p>Us agra\u00efm la vostra comprensi\u00f3 i col.laboraci\u00f3.<\/p>\n<p>Cordialment,<\/p>\n<p>L&#8217;Escola<\/p>\n","protected":false},"excerpt":{"rendered":"<p>Benvolgudes fam\u00edlies, El Departament d&#8217;Educaci\u00f3, seguint instruccions del Departament de Salut i com a mesura excepcional per contenir el coronavirus, ha pres la decisi\u00f3 de tancar a partir del dia 13 de mar\u00e7 i fins el proper 27 de mar\u00e7, ambd\u00f3s inclosos, tots els centres educatius del pa\u00eds i, per tant, han quedat suspeses les [&hellip;]<\/p>\n","protected":false},"author":1,"featured_media":0,"comment_status":"open","ping_status":"closed","sticky":false,"template":"","format":"standard","meta":{"_bbp_topic_count":0,"_bbp_reply_count":0,"_bbp_total_topic_count":0,"_bbp_total_reply_count":0,"_bbp_voice_count":0,"_bbp_anonymous_reply_count":0,"_bbp_topic_count_hidden":0,"_bbp_reply_count_hidden":0,"_bbp_forum_subforum_count":0,"site-sidebar-layout":"default","site-content-layout":"","ast-site-content-layout":"","site-content-style":"default","site-sidebar-style":"default","ast-global-header-display":"","ast-banner-title-visibility":"","ast-main-header-display":"","ast-hfb-above-header-display":"","ast-hfb-below-header-display":"","ast-hfb-mobile-header-display":"","site-post-title":"","ast-breadcrumbs-content":"","ast-featured-img":"","footer-sml-layout":"","theme-transparent-header-meta":"","adv-header-id-meta":"","stick-header-meta":"","header-above-stick-meta":"","header-main-stick-meta":"","header-below-stick-meta":"","astra-migrate-meta-layouts":"default","ast-page-background-enabled":"default","ast-page-background-meta":{"desktop":{"background-color":"var(--ast-global-color-4)","background-image":"","background-repeat":"repeat","background-position":"center center","background-size":"auto","background-attachment":"scroll","background-type":"","background-media":"","overlay-type":"","overlay-color":"","overlay-opacity":"","overlay-gradient":""},"tablet":{"background-color":"","background-image":"","background-repeat":"repeat","background-position":"center center","background-size":"auto","background-attachment":"scroll","background-type":"","background-media":"","overlay-type":"","overlay-color":"","overlay-opacity":"","overlay-gradient":""},"mobile":{"background-color":"","background-image":"","background-repeat":"repeat","background-position":"center center","background-size":"auto","background-attachment":"scroll","background-type":"","background-media":"","overlay-type":"","overlay-color":"","overlay-opacity":"","overlay-gradient":""}},"ast-content-background-meta":{"desktop":{"background-color":"var(--ast-global-color-5)","background-image":"","background-repeat":"repeat","background-position":"center center","background-size":"auto","background-attachment":"scroll","background-type":"","background-media":"","overlay-type":"","overlay-color":"","overlay-opacity":"","overlay-gradient":""},"tablet":{"background-color":"var(--ast-global-color-5)","background-image":"","background-repeat":"repeat","background-position":"center center","background-size":"auto","background-attachment":"scroll","background-type":"","background-media":"","overlay-type":"","overlay-color":"","overlay-opacity":"","overlay-gradient":""},"mobile":{"background-color":"var(--ast-global-color-5)","background-image":"","background-repeat":"repeat","background-position":"center center","background-size":"auto","background-attachment":"scroll","background-type":"","background-media":"","overlay-type":"","overlay-color":"","overlay-opacity":"","overlay-gradient":""}},"footnotes":""},"categories":[7,5,2,1,4],"tags":[],"class_list":["post-977","post","type-post","status-publish","format-standard","hentry","category-afa","category-primaria","category-ed-infantil","category-general","category-portada"],"post_mailing_queue_ids":[],"_links":{"self":[{"href":"https:\/\/agora.xtec.cat\/ceip-ernest-lluch\/wp-json\/wp\/v2\/posts\/977","targetHints":{"allow":["GET"]}}],"collection":[{"href":"https:\/\/agora.xtec.cat\/ceip-ernest-lluch\/wp-json\/wp\/v2\/posts"}],"about":[{"href":"https:\/\/agora.xtec.cat\/ceip-ernest-lluch\/wp-json\/wp\/v2\/types\/post"}],"author":[{"embeddable":true,"href":"https:\/\/agora.xtec.cat\/ceip-ernest-lluch\/wp-json\/wp\/v2\/users\/1"}],"replies":[{"embeddable":true,"href":"https:\/\/agora.xtec.cat\/ceip-ernest-lluch\/wp-json\/wp\/v2\/comments?post=977"}],"version-history":[{"count":3,"href":"https:\/\/agora.xtec.cat\/ceip-ernest-lluch\/wp-json\/wp\/v2\/posts\/977\/revisions"}],"predecessor-version":[{"id":983,"href":"https:\/\/agora.xtec.cat\/ceip-ernest-lluch\/wp-json\/wp\/v2\/posts\/977\/revisions\/983"}],"wp:attachment":[{"href":"https:\/\/agora.xtec.cat\/ceip-ernest-lluch\/wp-json\/wp\/v2\/media?parent=977"}],"wp:term":[{"taxonomy":"category","embeddable":true,"href":"https:\/\/agora.xtec.cat\/ceip-ernest-lluch\/wp-json\/wp\/v2\/categories?post=977"},{"taxonomy":"post_tag","embeddable":true,"href":"https:\/\/agora.xtec.cat\/ceip-ernest-lluch\/wp-json\/wp\/v2\/tags?post=977"}],"curies":[{"name":"wp","href":"https:\/\/api.w.org\/{rel}","templated":true}]}}