{"id":792,"date":"2019-06-21T12:56:32","date_gmt":"2019-06-21T10:56:32","guid":{"rendered":"http:\/\/agora.xtec.cat\/ceip-ernest-lluch\/?p=792"},"modified":"2019-06-21T12:56:32","modified_gmt":"2019-06-21T10:56:32","slug":"avui-ens-acomiadem-de-tres-grans-mestres-de-lescola","status":"publish","type":"post","link":"https:\/\/agora.xtec.cat\/ceip-ernest-lluch\/general\/avui-ens-acomiadem-de-tres-grans-mestres-de-lescola\/","title":{"rendered":"AVUI ENS ACOMIADEM DE TRES GRANS MESTRES DE L&#8217;ESCOLA"},"content":{"rendered":"<p>Gr\u00e0cies per la vostra vocaci\u00f3 artesana, la de fer les coses ben fetes pel gust de fer-les ben fetes.<\/p>\n<p>Per entendre que la vostra feina no acaba quan ho heu explicat, sin\u00f3 quan ho han ent\u00e8s.<\/p>\n<p>Per la il\u00b7lusi\u00f3 amb qu\u00e8 enceteu el curs, dient com diem tots que fa mandra, per\u00f2 sentint \u00edntimament les ganes de comen\u00e7ar.<\/p>\n<p>Per l\u2019esfor\u00e7 que feu per treure el m\u00e0xim de cada alumne, confiar-hi i refor\u00e7ar-los l\u2019autoestima.<\/p>\n<p>Pels extres que heu de fer pendents dels que tenen dificultats a casa, sabent que en una societat meritocr\u00e0tica aix\u00f2 no ha de perjudicar la igualtat d\u2019oportunitats a l\u2019escola. Pel sentit de l\u2019humor, que us permet combinar el repte m\u00e9s transcendent de la humanitat -educar les criatures- amb els somriures que ho fan tot m\u00e9s f\u00e0cil.<\/p>\n<p>Per entendre que el m\u00f3n connectat no \u00e9s res que ens hagi de fer por, si ho fem servir com a palanca per augmentar la motivaci\u00f3.<\/p>\n<p>Per tenir clar que en el m\u00f3n connectat tamb\u00e9 s\u2019ha de saber desconnectar.<\/p>\n<p>Per la paci\u00e8ncia que teniu amb els pares. Per l\u2019estima que teniu pels nostres fills.<\/p>\n<p>Per no desanimar-vos per m\u00e9s motius que tingueu, sabent que la vostra missi\u00f3 \u00e9s massa important per permetre-us el luxe d\u2019abaixar la gu\u00e0rdia.<\/p>\n<p>Per tot el que heu preparat i pensat perqu\u00e8 aquest any us surti encara millor que l\u2019anterior.<\/p>\n<p>Per no tenir por d\u2019innovar. Per compartir experi\u00e8ncies amb altres mestres, per formar-vos i assumir que heu de formar aprenents permanents, que avui a les aules s\u2019hi va a aprendre a aprendre.<\/p>\n<p>&nbsp;<\/p>\n<p>Gr\u00e0cies Dolors Escursell, Dolors Solsona i Al\u00edcia Figuerola<\/p>\n<p>Us desitgem el millor! Us trobarem a faltar!<\/p>\n","protected":false},"excerpt":{"rendered":"<p>Gr\u00e0cies per la vostra vocaci\u00f3 artesana, la de fer les coses ben fetes pel gust de fer-les ben fetes. Per entendre que la vostra feina no acaba quan ho heu explicat, sin\u00f3 quan ho han ent\u00e8s. Per la il\u00b7lusi\u00f3 amb qu\u00e8 enceteu el curs, dient com diem tots que fa mandra, per\u00f2 sentint \u00edntimament les [&hellip;]<\/p>\n","protected":false},"author":1,"featured_media":0,"comment_status":"open","ping_status":"closed","sticky":false,"template":"","format":"standard","meta":{"_bbp_topic_count":0,"_bbp_reply_count":0,"_bbp_total_topic_count":0,"_bbp_total_reply_count":0,"_bbp_voice_count":0,"_bbp_anonymous_reply_count":0,"_bbp_topic_count_hidden":0,"_bbp_reply_count_hidden":0,"_bbp_forum_subforum_count":0,"site-sidebar-layout":"default","site-content-layout":"","ast-site-content-layout":"","site-content-style":"default","site-sidebar-style":"default","ast-global-header-display":"","ast-banner-title-visibility":"","ast-main-header-display":"","ast-hfb-above-header-display":"","ast-hfb-below-header-display":"","ast-hfb-mobile-header-display":"","site-post-title":"","ast-breadcrumbs-content":"","ast-featured-img":"","footer-sml-layout":"","theme-transparent-header-meta":"","adv-header-id-meta":"","stick-header-meta":"","header-above-stick-meta":"","header-main-stick-meta":"","header-below-stick-meta":"","astra-migrate-meta-layouts":"default","ast-page-background-enabled":"default","ast-page-background-meta":{"desktop":{"background-color":"var(--ast-global-color-4)","background-image":"","background-repeat":"repeat","background-position":"center center","background-size":"auto","background-attachment":"scroll","background-type":"","background-media":"","overlay-type":"","overlay-color":"","overlay-opacity":"","overlay-gradient":""},"tablet":{"background-color":"","background-image":"","background-repeat":"repeat","background-position":"center center","background-size":"auto","background-attachment":"scroll","background-type":"","background-media":"","overlay-type":"","overlay-color":"","overlay-opacity":"","overlay-gradient":""},"mobile":{"background-color":"","background-image":"","background-repeat":"repeat","background-position":"center center","background-size":"auto","background-attachment":"scroll","background-type":"","background-media":"","overlay-type":"","overlay-color":"","overlay-opacity":"","overlay-gradient":""}},"ast-content-background-meta":{"desktop":{"background-color":"var(--ast-global-color-5)","background-image":"","background-repeat":"repeat","background-position":"center center","background-size":"auto","background-attachment":"scroll","background-type":"","background-media":"","overlay-type":"","overlay-color":"","overlay-opacity":"","overlay-gradient":""},"tablet":{"background-color":"var(--ast-global-color-5)","background-image":"","background-repeat":"repeat","background-position":"center center","background-size":"auto","background-attachment":"scroll","background-type":"","background-media":"","overlay-type":"","overlay-color":"","overlay-opacity":"","overlay-gradient":""},"mobile":{"background-color":"var(--ast-global-color-5)","background-image":"","background-repeat":"repeat","background-position":"center center","background-size":"auto","background-attachment":"scroll","background-type":"","background-media":"","overlay-type":"","overlay-color":"","overlay-opacity":"","overlay-gradient":""}},"footnotes":""},"categories":[7,5,2,1,4],"tags":[],"class_list":["post-792","post","type-post","status-publish","format-standard","hentry","category-afa","category-primaria","category-ed-infantil","category-general","category-portada"],"post_mailing_queue_ids":[],"_links":{"self":[{"href":"https:\/\/agora.xtec.cat\/ceip-ernest-lluch\/wp-json\/wp\/v2\/posts\/792","targetHints":{"allow":["GET"]}}],"collection":[{"href":"https:\/\/agora.xtec.cat\/ceip-ernest-lluch\/wp-json\/wp\/v2\/posts"}],"about":[{"href":"https:\/\/agora.xtec.cat\/ceip-ernest-lluch\/wp-json\/wp\/v2\/types\/post"}],"author":[{"embeddable":true,"href":"https:\/\/agora.xtec.cat\/ceip-ernest-lluch\/wp-json\/wp\/v2\/users\/1"}],"replies":[{"embeddable":true,"href":"https:\/\/agora.xtec.cat\/ceip-ernest-lluch\/wp-json\/wp\/v2\/comments?post=792"}],"version-history":[{"count":1,"href":"https:\/\/agora.xtec.cat\/ceip-ernest-lluch\/wp-json\/wp\/v2\/posts\/792\/revisions"}],"predecessor-version":[{"id":793,"href":"https:\/\/agora.xtec.cat\/ceip-ernest-lluch\/wp-json\/wp\/v2\/posts\/792\/revisions\/793"}],"wp:attachment":[{"href":"https:\/\/agora.xtec.cat\/ceip-ernest-lluch\/wp-json\/wp\/v2\/media?parent=792"}],"wp:term":[{"taxonomy":"category","embeddable":true,"href":"https:\/\/agora.xtec.cat\/ceip-ernest-lluch\/wp-json\/wp\/v2\/categories?post=792"},{"taxonomy":"post_tag","embeddable":true,"href":"https:\/\/agora.xtec.cat\/ceip-ernest-lluch\/wp-json\/wp\/v2\/tags?post=792"}],"curies":[{"name":"wp","href":"https:\/\/api.w.org\/{rel}","templated":true}]}}