{"id":670,"date":"2020-03-09T13:44:42","date_gmt":"2020-03-09T12:44:42","guid":{"rendered":"http:\/\/agora.xtec.cat\/ceip-ernest-lluch\/?p=670"},"modified":"2020-03-09T16:14:46","modified_gmt":"2020-03-09T15:14:46","slug":"jornada-portes-obertes-2019-20","status":"publish","type":"post","link":"https:\/\/agora.xtec.cat\/ceip-ernest-lluch\/general\/jornada-portes-obertes-2019-20\/","title":{"rendered":"JORNADA PORTES OBERTES 2020-21"},"content":{"rendered":"<p style=\"text-align: center;\">090409<a href=\"https:\/\/agora.xtec.cat\/ceip-ernest-lluch\/wp-content\/uploads\/usu939\/2020\/03\/CARTELLPORTESOBERTES.png\"><img loading=\"lazy\" decoding=\"async\" class=\"wp-image-951 alignleft\" src=\"https:\/\/agora.xtec.cat\/ceip-ernest-lluch\/wp-content\/uploads\/usu939\/2020\/03\/CARTELLPORTESOBERTES-212x300.png\" alt=\"\" width=\"330\" height=\"467\" srcset=\"https:\/\/agora.xtec.cat\/ceip-ernest-lluch\/wp-content\/uploads\/usu939\/2020\/03\/CARTELLPORTESOBERTES-212x300.png 212w, https:\/\/agora.xtec.cat\/ceip-ernest-lluch\/wp-content\/uploads\/usu939\/2020\/03\/CARTELLPORTESOBERTES-768x1086.png 768w, https:\/\/agora.xtec.cat\/ceip-ernest-lluch\/wp-content\/uploads\/usu939\/2020\/03\/CARTELLPORTESOBERTES-724x1024.png 724w, https:\/\/agora.xtec.cat\/ceip-ernest-lluch\/wp-content\/uploads\/usu939\/2020\/03\/CARTELLPORTESOBERTES.png 794w\" sizes=\"auto, (max-width: 330px) 100vw, 330px\" \/><\/a><\/p>\n<p>L\u2019escola obrir\u00e0 les portes per aquelles fam\u00edlies que volen realitzar la Preinscripci\u00f3 pel curs 2020-2021. <strong>El periode de preinscripci\u00f3 ser\u00e0 del 23 de mar\u00e7 al 1 d&#8217;abril.<\/strong><\/p>\n<p>Aquest any farem dues jornades de portes obertes:<\/p>\n<p><strong>Dimecres, 11 de mar\u00e7 a les 15:15h\u00a0<\/strong><\/p>\n<p><strong>Divendres, 13 de mar\u00e7 a les 9:45h<\/strong><\/p>\n<p>La jornada consistir\u00e0 en una visita comentada per les instal.lacions del centre dins de l&#8217;horari lectiu i una breu xerrada informativa.<\/p>\n<p>Agrairem que vingueu sense nens\/es, si \u00e9s possible, per tal de facilitar la visita i la xerrada. Els futurs alumnes tindran un dia de visita a l\u2019escola per a con\u00e8ixer tots els espais d\u2019Infantil.<\/p>\n<p><em><strong>En el cas que alguna fam\u00edlia no pugui venir a les jornades de portes obertes, farem visites a hores convingudes durant la setmana del 16 al 20 de mar\u00e7. Aquestes visites hauran de ser concertades pr\u00e8viament via telef\u00f2nica o per correu electr\u00f2nic.<\/strong><\/em><\/p>\n","protected":false},"excerpt":{"rendered":"<p>090409 L\u2019escola obrir\u00e0 les portes per aquelles fam\u00edlies que volen realitzar la Preinscripci\u00f3 pel curs 2020-2021. El periode de preinscripci\u00f3 ser\u00e0 del 23 de mar\u00e7 al 1 d&#8217;abril. Aquest any farem dues jornades de portes obertes: Dimecres, 11 de mar\u00e7 a les 15:15h\u00a0 Divendres, 13 de mar\u00e7 a les 9:45h La jornada consistir\u00e0 en una [&hellip;]<\/p>\n","protected":false},"author":1,"featured_media":0,"comment_status":"open","ping_status":"closed","sticky":false,"template":"","format":"standard","meta":{"_bbp_topic_count":0,"_bbp_reply_count":0,"_bbp_total_topic_count":0,"_bbp_total_reply_count":0,"_bbp_voice_count":0,"_bbp_anonymous_reply_count":0,"_bbp_topic_count_hidden":0,"_bbp_reply_count_hidden":0,"_bbp_forum_subforum_count":0,"site-sidebar-layout":"default","site-content-layout":"","ast-site-content-layout":"","site-content-style":"default","site-sidebar-style":"default","ast-global-header-display":"","ast-banner-title-visibility":"","ast-main-header-display":"","ast-hfb-above-header-display":"","ast-hfb-below-header-display":"","ast-hfb-mobile-header-display":"","site-post-title":"","ast-breadcrumbs-content":"","ast-featured-img":"","footer-sml-layout":"","theme-transparent-header-meta":"","adv-header-id-meta":"","stick-header-meta":"","header-above-stick-meta":"","header-main-stick-meta":"","header-below-stick-meta":"","astra-migrate-meta-layouts":"default","ast-page-background-enabled":"default","ast-page-background-meta":{"desktop":{"background-color":"var(--ast-global-color-4)","background-image":"","background-repeat":"repeat","background-position":"center center","background-size":"auto","background-attachment":"scroll","background-type":"","background-media":"","overlay-type":"","overlay-color":"","overlay-opacity":"","overlay-gradient":""},"tablet":{"background-color":"","background-image":"","background-repeat":"repeat","background-position":"center center","background-size":"auto","background-attachment":"scroll","background-type":"","background-media":"","overlay-type":"","overlay-color":"","overlay-opacity":"","overlay-gradient":""},"mobile":{"background-color":"","background-image":"","background-repeat":"repeat","background-position":"center center","background-size":"auto","background-attachment":"scroll","background-type":"","background-media":"","overlay-type":"","overlay-color":"","overlay-opacity":"","overlay-gradient":""}},"ast-content-background-meta":{"desktop":{"background-color":"var(--ast-global-color-5)","background-image":"","background-repeat":"repeat","background-position":"center center","background-size":"auto","background-attachment":"scroll","background-type":"","background-media":"","overlay-type":"","overlay-color":"","overlay-opacity":"","overlay-gradient":""},"tablet":{"background-color":"var(--ast-global-color-5)","background-image":"","background-repeat":"repeat","background-position":"center center","background-size":"auto","background-attachment":"scroll","background-type":"","background-media":"","overlay-type":"","overlay-color":"","overlay-opacity":"","overlay-gradient":""},"mobile":{"background-color":"var(--ast-global-color-5)","background-image":"","background-repeat":"repeat","background-position":"center center","background-size":"auto","background-attachment":"scroll","background-type":"","background-media":"","overlay-type":"","overlay-color":"","overlay-opacity":"","overlay-gradient":""}},"footnotes":""},"categories":[7,5,2,1,4],"tags":[],"class_list":["post-670","post","type-post","status-publish","format-standard","hentry","category-afa","category-primaria","category-ed-infantil","category-general","category-portada"],"post_mailing_queue_ids":[],"_links":{"self":[{"href":"https:\/\/agora.xtec.cat\/ceip-ernest-lluch\/wp-json\/wp\/v2\/posts\/670","targetHints":{"allow":["GET"]}}],"collection":[{"href":"https:\/\/agora.xtec.cat\/ceip-ernest-lluch\/wp-json\/wp\/v2\/posts"}],"about":[{"href":"https:\/\/agora.xtec.cat\/ceip-ernest-lluch\/wp-json\/wp\/v2\/types\/post"}],"author":[{"embeddable":true,"href":"https:\/\/agora.xtec.cat\/ceip-ernest-lluch\/wp-json\/wp\/v2\/users\/1"}],"replies":[{"embeddable":true,"href":"https:\/\/agora.xtec.cat\/ceip-ernest-lluch\/wp-json\/wp\/v2\/comments?post=670"}],"version-history":[{"count":4,"href":"https:\/\/agora.xtec.cat\/ceip-ernest-lluch\/wp-json\/wp\/v2\/posts\/670\/revisions"}],"predecessor-version":[{"id":960,"href":"https:\/\/agora.xtec.cat\/ceip-ernest-lluch\/wp-json\/wp\/v2\/posts\/670\/revisions\/960"}],"wp:attachment":[{"href":"https:\/\/agora.xtec.cat\/ceip-ernest-lluch\/wp-json\/wp\/v2\/media?parent=670"}],"wp:term":[{"taxonomy":"category","embeddable":true,"href":"https:\/\/agora.xtec.cat\/ceip-ernest-lluch\/wp-json\/wp\/v2\/categories?post=670"},{"taxonomy":"post_tag","embeddable":true,"href":"https:\/\/agora.xtec.cat\/ceip-ernest-lluch\/wp-json\/wp\/v2\/tags?post=670"}],"curies":[{"name":"wp","href":"https:\/\/api.w.org\/{rel}","templated":true}]}}