{"id":663,"date":"2019-02-07T10:35:54","date_gmt":"2019-02-07T09:35:54","guid":{"rendered":"http:\/\/agora.xtec.cat\/ceip-ernest-lluch\/?p=663"},"modified":"2019-02-07T10:37:50","modified_gmt":"2019-02-07T09:37:50","slug":"carnestoltes-2019","status":"publish","type":"post","link":"https:\/\/agora.xtec.cat\/ceip-ernest-lluch\/ed-infantil\/carnestoltes-2019\/","title":{"rendered":"CARNESTOLTES 2019"},"content":{"rendered":"<p>Benvolgudes fam\u00edlies,<\/p>\n<p>Aviat arribar\u00e0 el Carnestoltes i, enguany, el tema triat pels alumnes per la disfressa \u00e9s\u00a0<strong>PERSONATGES DE CONTES<\/strong><\/p>\n<p><strong>\u00a0<\/strong>Divendres 1 de mar\u00e7 vindrem disfressats del personatge corresponent que complementarem amb un detall fet a l\u2019escola.<\/p>\n<p><strong>EI- Personatges de contes (Caputxeta, blancaneus, llop, follets,&#8230;)<\/strong><\/p>\n<p><strong>1r- \u00a0D\u00e0lmates.<\/strong><\/p>\n<p><strong>2n- El flautista d\u2019Hamel\u00ed.<\/strong><\/p>\n<p><strong>3r- \u00a0El rei lle\u00f3.<\/strong><\/p>\n<p><strong>4t- \u00a0Harry Potter.<\/strong><\/p>\n<p><strong>5\u00e8- M\u00e9rida \u201cBrave\u201d.<\/strong><\/p>\n<p><strong>\u00a0<\/strong>Pr\u00e8viament, a l\u2019aula amb els alumnes, haurem treballat les caracter\u00edstiques principals i us farem arribar, si s\u2019escau, l\u2019informaci\u00f3 referida a com haurien de venir vestits o si necessitem algun material espec\u00edfic.<\/p>\n<p><strong>*\u00c9s important que vinguin abrigats a sota.<\/strong><\/p>\n<p><strong>RECORDEU!<\/strong> Les fam\u00edlies esteu convidades a veure la desfilada al pati de l\u2019escola <strong>divendres 1 de mar\u00e7 a les 15:45h de la tarda.<\/strong><\/p>\n<p>GR\u00c0CIES PER LA VOSTRA COL.LABORACI\u00d3<\/p>\n<p>L\u2019equip de mestres<\/p>\n<p style=\"text-align: center;\"><a href=\"https:\/\/agora.xtec.cat\/ceip-ernest-lluch\/wp-content\/uploads\/usu939\/2019\/02\/CARNESTOLTES.jpg\"><img loading=\"lazy\" decoding=\"async\" class=\"alignnone size-medium wp-image-664\" src=\"https:\/\/agora.xtec.cat\/ceip-ernest-lluch\/wp-content\/uploads\/usu939\/2019\/02\/CARNESTOLTES-300x285.jpg\" alt=\"\" width=\"300\" height=\"285\" \/><\/a><\/p>\n","protected":false},"excerpt":{"rendered":"<p>Benvolgudes fam\u00edlies, Aviat arribar\u00e0 el Carnestoltes i, enguany, el tema triat pels alumnes per la disfressa \u00e9s\u00a0PERSONATGES DE CONTES \u00a0Divendres 1 de mar\u00e7 vindrem disfressats del personatge corresponent que complementarem amb un detall fet a l\u2019escola. EI- Personatges de contes (Caputxeta, blancaneus, llop, follets,&#8230;) 1r- \u00a0D\u00e0lmates. 2n- El flautista d\u2019Hamel\u00ed. 3r- \u00a0El rei lle\u00f3. 4t- [&hellip;]<\/p>\n","protected":false},"author":1,"featured_media":664,"comment_status":"open","ping_status":"closed","sticky":false,"template":"","format":"standard","meta":{"_bbp_topic_count":0,"_bbp_reply_count":0,"_bbp_total_topic_count":0,"_bbp_total_reply_count":0,"_bbp_voice_count":0,"_bbp_anonymous_reply_count":0,"_bbp_topic_count_hidden":0,"_bbp_reply_count_hidden":0,"_bbp_forum_subforum_count":0,"site-sidebar-layout":"default","site-content-layout":"","ast-site-content-layout":"","site-content-style":"default","site-sidebar-style":"default","ast-global-header-display":"","ast-banner-title-visibility":"","ast-main-header-display":"","ast-hfb-above-header-display":"","ast-hfb-below-header-display":"","ast-hfb-mobile-header-display":"","site-post-title":"","ast-breadcrumbs-content":"","ast-featured-img":"","footer-sml-layout":"","theme-transparent-header-meta":"","adv-header-id-meta":"","stick-header-meta":"","header-above-stick-meta":"","header-main-stick-meta":"","header-below-stick-meta":"","astra-migrate-meta-layouts":"default","ast-page-background-enabled":"default","ast-page-background-meta":{"desktop":{"background-color":"var(--ast-global-color-4)","background-image":"","background-repeat":"repeat","background-position":"center center","background-size":"auto","background-attachment":"scroll","background-type":"","background-media":"","overlay-type":"","overlay-color":"","overlay-opacity":"","overlay-gradient":""},"tablet":{"background-color":"","background-image":"","background-repeat":"repeat","background-position":"center center","background-size":"auto","background-attachment":"scroll","background-type":"","background-media":"","overlay-type":"","overlay-color":"","overlay-opacity":"","overlay-gradient":""},"mobile":{"background-color":"","background-image":"","background-repeat":"repeat","background-position":"center center","background-size":"auto","background-attachment":"scroll","background-type":"","background-media":"","overlay-type":"","overlay-color":"","overlay-opacity":"","overlay-gradient":""}},"ast-content-background-meta":{"desktop":{"background-color":"var(--ast-global-color-5)","background-image":"","background-repeat":"repeat","background-position":"center center","background-size":"auto","background-attachment":"scroll","background-type":"","background-media":"","overlay-type":"","overlay-color":"","overlay-opacity":"","overlay-gradient":""},"tablet":{"background-color":"var(--ast-global-color-5)","background-image":"","background-repeat":"repeat","background-position":"center center","background-size":"auto","background-attachment":"scroll","background-type":"","background-media":"","overlay-type":"","overlay-color":"","overlay-opacity":"","overlay-gradient":""},"mobile":{"background-color":"var(--ast-global-color-5)","background-image":"","background-repeat":"repeat","background-position":"center center","background-size":"auto","background-attachment":"scroll","background-type":"","background-media":"","overlay-type":"","overlay-color":"","overlay-opacity":"","overlay-gradient":""}},"footnotes":""},"categories":[5,2,4],"tags":[],"class_list":["post-663","post","type-post","status-publish","format-standard","has-post-thumbnail","hentry","category-primaria","category-ed-infantil","category-portada"],"post_mailing_queue_ids":[],"_links":{"self":[{"href":"https:\/\/agora.xtec.cat\/ceip-ernest-lluch\/wp-json\/wp\/v2\/posts\/663","targetHints":{"allow":["GET"]}}],"collection":[{"href":"https:\/\/agora.xtec.cat\/ceip-ernest-lluch\/wp-json\/wp\/v2\/posts"}],"about":[{"href":"https:\/\/agora.xtec.cat\/ceip-ernest-lluch\/wp-json\/wp\/v2\/types\/post"}],"author":[{"embeddable":true,"href":"https:\/\/agora.xtec.cat\/ceip-ernest-lluch\/wp-json\/wp\/v2\/users\/1"}],"replies":[{"embeddable":true,"href":"https:\/\/agora.xtec.cat\/ceip-ernest-lluch\/wp-json\/wp\/v2\/comments?post=663"}],"version-history":[{"count":1,"href":"https:\/\/agora.xtec.cat\/ceip-ernest-lluch\/wp-json\/wp\/v2\/posts\/663\/revisions"}],"predecessor-version":[{"id":665,"href":"https:\/\/agora.xtec.cat\/ceip-ernest-lluch\/wp-json\/wp\/v2\/posts\/663\/revisions\/665"}],"wp:featuredmedia":[{"embeddable":true,"href":"https:\/\/agora.xtec.cat\/ceip-ernest-lluch\/wp-json\/wp\/v2\/media\/664"}],"wp:attachment":[{"href":"https:\/\/agora.xtec.cat\/ceip-ernest-lluch\/wp-json\/wp\/v2\/media?parent=663"}],"wp:term":[{"taxonomy":"category","embeddable":true,"href":"https:\/\/agora.xtec.cat\/ceip-ernest-lluch\/wp-json\/wp\/v2\/categories?post=663"},{"taxonomy":"post_tag","embeddable":true,"href":"https:\/\/agora.xtec.cat\/ceip-ernest-lluch\/wp-json\/wp\/v2\/tags?post=663"}],"curies":[{"name":"wp","href":"https:\/\/api.w.org\/{rel}","templated":true}]}}