{"id":2181,"date":"2023-04-17T16:33:16","date_gmt":"2023-04-17T14:33:16","guid":{"rendered":"https:\/\/agora.xtec.cat\/ceip-ernest-lluch\/?p=2181"},"modified":"2023-04-13T10:42:53","modified_gmt":"2023-04-13T08:42:53","slug":"consum-de-fruita-i-hortalisses-a-lescola","status":"publish","type":"post","link":"https:\/\/agora.xtec.cat\/ceip-ernest-lluch\/general\/consum-de-fruita-i-hortalisses-a-lescola\/","title":{"rendered":"CONSUM DE FRUITA I HORTALISSES A L&#8217;ESCOLA"},"content":{"rendered":"<p data-auto=\"1\" data-pm-slice=\"1 1 []\">L&#8217;escola s&#8217;ha adherit al programa de la Generalitat per al Consum de fruita i hortalisses en les escoles. Aquest programa consisteix en oferir fruita gratu\u00efta per a tot l&#8217;alumnat un cop al mes i aquesta setmana ho iniciarem. Us adjuntem un <a href=\"https:\/\/agora.xtec.cat\/ceip-ernest-lluch\/wp-content\/uploads\/usu939\/2023\/04\/af-fruites_triptic.pdf\">tr\u00edptic<\/a> informatiu on hi ha m\u00e9s detallat en qu\u00e8 consisteix el programa.<\/p>\n<p data-auto=\"1\">Aix\u00ed doncs, a partir de dem\u00e0 i durant tota la setmana, oferirem a tot l&#8217;alumnat una pe\u00e7a de fruita que es podran menjar per esmorzar i\/o berenar. Cada alumne\/a ser\u00e0 responsable de decidir si se l&#8217;esmorza o la berena.<\/p>\n<p data-auto=\"1\">Les peces de fruita que repartirem aquest mes s\u00f3n les seg\u00fcents: Plat\u00e0n, pera, poma golden, taronja i poma bicolor.<\/p>\n<p data-auto=\"1\">Esperem que amb aquesta iniciativa fomentem el consum de la fruita i ajudem a adquirir h\u00e0bits m\u00e9s saludables.<\/p>\n<p data-auto=\"1\">Cordialment,<\/p>\n<p data-auto=\"1\">L&#8217;ESCOLA<\/p>\n<p style=\"text-align: center;\" data-auto=\"1\"><a href=\"https:\/\/agora.xtec.cat\/ceip-ernest-lluch\/wp-content\/uploads\/usu939\/2023\/04\/HORTALISSES.jpg\"><img loading=\"lazy\" decoding=\"async\" class=\"aligncenter wp-image-2183 size-full\" src=\"https:\/\/agora.xtec.cat\/ceip-ernest-lluch\/wp-content\/uploads\/usu939\/2023\/04\/HORTALISSES.jpg\" alt=\"\" width=\"634\" height=\"873\" srcset=\"https:\/\/agora.xtec.cat\/ceip-ernest-lluch\/wp-content\/uploads\/usu939\/2023\/04\/HORTALISSES.jpg 634w, https:\/\/agora.xtec.cat\/ceip-ernest-lluch\/wp-content\/uploads\/usu939\/2023\/04\/HORTALISSES-218x300.jpg 218w\" sizes=\"auto, (max-width: 634px) 100vw, 634px\" \/><\/a><\/p>\n","protected":false},"excerpt":{"rendered":"<p>L&#8217;escola s&#8217;ha adherit al programa de la Generalitat per al Consum de fruita i hortalisses en les escoles. Aquest programa consisteix en oferir fruita gratu\u00efta per a tot l&#8217;alumnat un cop al mes i aquesta setmana ho iniciarem. Us adjuntem un tr\u00edptic informatiu on hi ha m\u00e9s detallat en qu\u00e8 consisteix el programa. Aix\u00ed doncs, [&hellip;]<\/p>\n","protected":false},"author":1,"featured_media":0,"comment_status":"open","ping_status":"closed","sticky":false,"template":"","format":"standard","meta":{"_bbp_topic_count":0,"_bbp_reply_count":0,"_bbp_total_topic_count":0,"_bbp_total_reply_count":0,"_bbp_voice_count":0,"_bbp_anonymous_reply_count":0,"_bbp_topic_count_hidden":0,"_bbp_reply_count_hidden":0,"_bbp_forum_subforum_count":0,"site-sidebar-layout":"default","site-content-layout":"","ast-site-content-layout":"","site-content-style":"default","site-sidebar-style":"default","ast-global-header-display":"","ast-banner-title-visibility":"","ast-main-header-display":"","ast-hfb-above-header-display":"","ast-hfb-below-header-display":"","ast-hfb-mobile-header-display":"","site-post-title":"","ast-breadcrumbs-content":"","ast-featured-img":"","footer-sml-layout":"","theme-transparent-header-meta":"","adv-header-id-meta":"","stick-header-meta":"","header-above-stick-meta":"","header-main-stick-meta":"","header-below-stick-meta":"","astra-migrate-meta-layouts":"default","ast-page-background-enabled":"default","ast-page-background-meta":{"desktop":{"background-color":"var(--ast-global-color-4)","background-image":"","background-repeat":"repeat","background-position":"center center","background-size":"auto","background-attachment":"scroll","background-type":"","background-media":"","overlay-type":"","overlay-color":"","overlay-opacity":"","overlay-gradient":""},"tablet":{"background-color":"","background-image":"","background-repeat":"repeat","background-position":"center center","background-size":"auto","background-attachment":"scroll","background-type":"","background-media":"","overlay-type":"","overlay-color":"","overlay-opacity":"","overlay-gradient":""},"mobile":{"background-color":"","background-image":"","background-repeat":"repeat","background-position":"center center","background-size":"auto","background-attachment":"scroll","background-type":"","background-media":"","overlay-type":"","overlay-color":"","overlay-opacity":"","overlay-gradient":""}},"ast-content-background-meta":{"desktop":{"background-color":"var(--ast-global-color-5)","background-image":"","background-repeat":"repeat","background-position":"center center","background-size":"auto","background-attachment":"scroll","background-type":"","background-media":"","overlay-type":"","overlay-color":"","overlay-opacity":"","overlay-gradient":""},"tablet":{"background-color":"var(--ast-global-color-5)","background-image":"","background-repeat":"repeat","background-position":"center center","background-size":"auto","background-attachment":"scroll","background-type":"","background-media":"","overlay-type":"","overlay-color":"","overlay-opacity":"","overlay-gradient":""},"mobile":{"background-color":"var(--ast-global-color-5)","background-image":"","background-repeat":"repeat","background-position":"center center","background-size":"auto","background-attachment":"scroll","background-type":"","background-media":"","overlay-type":"","overlay-color":"","overlay-opacity":"","overlay-gradient":""}},"footnotes":""},"categories":[7,5,2,1,4],"tags":[],"class_list":["post-2181","post","type-post","status-publish","format-standard","hentry","category-afa","category-primaria","category-ed-infantil","category-general","category-portada"],"post_mailing_queue_ids":[],"_links":{"self":[{"href":"https:\/\/agora.xtec.cat\/ceip-ernest-lluch\/wp-json\/wp\/v2\/posts\/2181","targetHints":{"allow":["GET"]}}],"collection":[{"href":"https:\/\/agora.xtec.cat\/ceip-ernest-lluch\/wp-json\/wp\/v2\/posts"}],"about":[{"href":"https:\/\/agora.xtec.cat\/ceip-ernest-lluch\/wp-json\/wp\/v2\/types\/post"}],"author":[{"embeddable":true,"href":"https:\/\/agora.xtec.cat\/ceip-ernest-lluch\/wp-json\/wp\/v2\/users\/1"}],"replies":[{"embeddable":true,"href":"https:\/\/agora.xtec.cat\/ceip-ernest-lluch\/wp-json\/wp\/v2\/comments?post=2181"}],"version-history":[{"count":2,"href":"https:\/\/agora.xtec.cat\/ceip-ernest-lluch\/wp-json\/wp\/v2\/posts\/2181\/revisions"}],"predecessor-version":[{"id":2185,"href":"https:\/\/agora.xtec.cat\/ceip-ernest-lluch\/wp-json\/wp\/v2\/posts\/2181\/revisions\/2185"}],"wp:attachment":[{"href":"https:\/\/agora.xtec.cat\/ceip-ernest-lluch\/wp-json\/wp\/v2\/media?parent=2181"}],"wp:term":[{"taxonomy":"category","embeddable":true,"href":"https:\/\/agora.xtec.cat\/ceip-ernest-lluch\/wp-json\/wp\/v2\/categories?post=2181"},{"taxonomy":"post_tag","embeddable":true,"href":"https:\/\/agora.xtec.cat\/ceip-ernest-lluch\/wp-json\/wp\/v2\/tags?post=2181"}],"curies":[{"name":"wp","href":"https:\/\/api.w.org\/{rel}","templated":true}]}}