{"id":2161,"date":"2023-03-29T16:11:17","date_gmt":"2023-03-29T14:11:17","guid":{"rendered":"https:\/\/agora.xtec.cat\/ceip-ernest-lluch\/?p=2161"},"modified":"2023-03-29T16:11:17","modified_gmt":"2023-03-29T14:11:17","slug":"festa-dels-avis-a-la-comunitat-de-petits","status":"publish","type":"post","link":"https:\/\/agora.xtec.cat\/ceip-ernest-lluch\/general\/festa-dels-avis-a-la-comunitat-de-petits\/","title":{"rendered":"FESTA DELS AVIS A LA COMUNITAT DE PETITS"},"content":{"rendered":"<div dir=\"auto\" style=\"text-align: center;\">A la Comunitat de Petits acabarem aquesta setmana amb la Festa dedicada als nostres avis i \u00e0vies; estem ben emocionats i emocionades amb els preparatius!!!<\/div>\n<div dir=\"auto\" style=\"text-align: center;\">Els avis i \u00e0vies\u00a0 d\u2019una manera o altra sempre hi s\u00f3n presents &#8230; uns de forma f\u00edsica, d\u2019 altres no hi poden estar presents f\u00edsicament per la dist\u00e0ncia i d\u2019altres perqu\u00e8 ja no estan entre nosaltres per\u00f2 s\u00ed que ho estan sempre de cor. Tenim moltes ganes d\u2019agra\u00efr i de tenir-los presents tot gaudint d\u2019un mat\u00ed intergeneracional.<\/div>\n<div dir=\"auto\"><\/div>\n<div dir=\"auto\" style=\"text-align: center;\"><a href=\"https:\/\/agora.xtec.cat\/ceip-ernest-lluch\/wp-content\/uploads\/usu939\/2023\/03\/IMG-20230327-WA0010.jpg\"><img loading=\"lazy\" decoding=\"async\" class=\"aligncenter  wp-image-2162\" src=\"https:\/\/agora.xtec.cat\/ceip-ernest-lluch\/wp-content\/uploads\/usu939\/2023\/03\/IMG-20230327-WA0010.jpg\" alt=\"\" width=\"695\" height=\"521\" srcset=\"https:\/\/agora.xtec.cat\/ceip-ernest-lluch\/wp-content\/uploads\/usu939\/2023\/03\/IMG-20230327-WA0010.jpg 1024w, https:\/\/agora.xtec.cat\/ceip-ernest-lluch\/wp-content\/uploads\/usu939\/2023\/03\/IMG-20230327-WA0010-300x225.jpg 300w, https:\/\/agora.xtec.cat\/ceip-ernest-lluch\/wp-content\/uploads\/usu939\/2023\/03\/IMG-20230327-WA0010-768x576.jpg 768w, https:\/\/agora.xtec.cat\/ceip-ernest-lluch\/wp-content\/uploads\/usu939\/2023\/03\/IMG-20230327-WA0010-200x150.jpg 200w\" sizes=\"auto, (max-width: 695px) 100vw, 695px\" \/><\/a><\/div>\n","protected":false},"excerpt":{"rendered":"<p>A la Comunitat de Petits acabarem aquesta setmana amb la Festa dedicada als nostres avis i \u00e0vies; estem ben emocionats i emocionades amb els preparatius!!! Els avis i \u00e0vies\u00a0 d\u2019una manera o altra sempre hi s\u00f3n presents &#8230; uns de forma f\u00edsica, d\u2019 altres no hi poden estar presents f\u00edsicament per la dist\u00e0ncia i d\u2019altres [&hellip;]<\/p>\n","protected":false},"author":1,"featured_media":0,"comment_status":"open","ping_status":"closed","sticky":false,"template":"","format":"standard","meta":{"_bbp_topic_count":0,"_bbp_reply_count":0,"_bbp_total_topic_count":0,"_bbp_total_reply_count":0,"_bbp_voice_count":0,"_bbp_anonymous_reply_count":0,"_bbp_topic_count_hidden":0,"_bbp_reply_count_hidden":0,"_bbp_forum_subforum_count":0,"site-sidebar-layout":"default","site-content-layout":"","ast-site-content-layout":"","site-content-style":"default","site-sidebar-style":"default","ast-global-header-display":"","ast-banner-title-visibility":"","ast-main-header-display":"","ast-hfb-above-header-display":"","ast-hfb-below-header-display":"","ast-hfb-mobile-header-display":"","site-post-title":"","ast-breadcrumbs-content":"","ast-featured-img":"","footer-sml-layout":"","theme-transparent-header-meta":"","adv-header-id-meta":"","stick-header-meta":"","header-above-stick-meta":"","header-main-stick-meta":"","header-below-stick-meta":"","astra-migrate-meta-layouts":"default","ast-page-background-enabled":"default","ast-page-background-meta":{"desktop":{"background-color":"var(--ast-global-color-4)","background-image":"","background-repeat":"repeat","background-position":"center center","background-size":"auto","background-attachment":"scroll","background-type":"","background-media":"","overlay-type":"","overlay-color":"","overlay-opacity":"","overlay-gradient":""},"tablet":{"background-color":"","background-image":"","background-repeat":"repeat","background-position":"center center","background-size":"auto","background-attachment":"scroll","background-type":"","background-media":"","overlay-type":"","overlay-color":"","overlay-opacity":"","overlay-gradient":""},"mobile":{"background-color":"","background-image":"","background-repeat":"repeat","background-position":"center center","background-size":"auto","background-attachment":"scroll","background-type":"","background-media":"","overlay-type":"","overlay-color":"","overlay-opacity":"","overlay-gradient":""}},"ast-content-background-meta":{"desktop":{"background-color":"var(--ast-global-color-5)","background-image":"","background-repeat":"repeat","background-position":"center center","background-size":"auto","background-attachment":"scroll","background-type":"","background-media":"","overlay-type":"","overlay-color":"","overlay-opacity":"","overlay-gradient":""},"tablet":{"background-color":"var(--ast-global-color-5)","background-image":"","background-repeat":"repeat","background-position":"center center","background-size":"auto","background-attachment":"scroll","background-type":"","background-media":"","overlay-type":"","overlay-color":"","overlay-opacity":"","overlay-gradient":""},"mobile":{"background-color":"var(--ast-global-color-5)","background-image":"","background-repeat":"repeat","background-position":"center center","background-size":"auto","background-attachment":"scroll","background-type":"","background-media":"","overlay-type":"","overlay-color":"","overlay-opacity":"","overlay-gradient":""}},"footnotes":""},"categories":[7,2,1,3,8,9,4],"tags":[],"class_list":["post-2161","post","type-post","status-publish","format-standard","hentry","category-afa","category-ed-infantil","category-general","category-p3","category-p4","category-p5","category-portada"],"post_mailing_queue_ids":[],"_links":{"self":[{"href":"https:\/\/agora.xtec.cat\/ceip-ernest-lluch\/wp-json\/wp\/v2\/posts\/2161","targetHints":{"allow":["GET"]}}],"collection":[{"href":"https:\/\/agora.xtec.cat\/ceip-ernest-lluch\/wp-json\/wp\/v2\/posts"}],"about":[{"href":"https:\/\/agora.xtec.cat\/ceip-ernest-lluch\/wp-json\/wp\/v2\/types\/post"}],"author":[{"embeddable":true,"href":"https:\/\/agora.xtec.cat\/ceip-ernest-lluch\/wp-json\/wp\/v2\/users\/1"}],"replies":[{"embeddable":true,"href":"https:\/\/agora.xtec.cat\/ceip-ernest-lluch\/wp-json\/wp\/v2\/comments?post=2161"}],"version-history":[{"count":1,"href":"https:\/\/agora.xtec.cat\/ceip-ernest-lluch\/wp-json\/wp\/v2\/posts\/2161\/revisions"}],"predecessor-version":[{"id":2163,"href":"https:\/\/agora.xtec.cat\/ceip-ernest-lluch\/wp-json\/wp\/v2\/posts\/2161\/revisions\/2163"}],"wp:attachment":[{"href":"https:\/\/agora.xtec.cat\/ceip-ernest-lluch\/wp-json\/wp\/v2\/media?parent=2161"}],"wp:term":[{"taxonomy":"category","embeddable":true,"href":"https:\/\/agora.xtec.cat\/ceip-ernest-lluch\/wp-json\/wp\/v2\/categories?post=2161"},{"taxonomy":"post_tag","embeddable":true,"href":"https:\/\/agora.xtec.cat\/ceip-ernest-lluch\/wp-json\/wp\/v2\/tags?post=2161"}],"curies":[{"name":"wp","href":"https:\/\/api.w.org\/{rel}","templated":true}]}}