{"id":2069,"date":"2022-11-25T09:44:30","date_gmt":"2022-11-25T08:44:30","guid":{"rendered":"https:\/\/agora.xtec.cat\/ceip-ernest-lluch\/?p=2069"},"modified":"2022-11-25T09:44:30","modified_gmt":"2022-11-25T08:44:30","slug":"25n-dia-internacional-per-a-leliminacio-de-la-violencia-vers-les-dones","status":"publish","type":"post","link":"https:\/\/agora.xtec.cat\/ceip-ernest-lluch\/general\/25n-dia-internacional-per-a-leliminacio-de-la-violencia-vers-les-dones\/","title":{"rendered":"25N- DIA INTERNACIONAL PER A L&#8217;ELIMINACI\u00d3 DE LA VIOL\u00c8NCIA VERS LES DONES"},"content":{"rendered":"<p style=\"text-align: center;\"><a href=\"https:\/\/agora.xtec.cat\/ceip-ernest-lluch\/wp-content\/uploads\/usu939\/2022\/11\/25N.jpg\"><img loading=\"lazy\" decoding=\"async\" class=\"aligncenter size-full wp-image-2070\" src=\"https:\/\/agora.xtec.cat\/ceip-ernest-lluch\/wp-content\/uploads\/usu939\/2022\/11\/25N.jpg\" alt=\"\" width=\"786\" height=\"789\" srcset=\"https:\/\/agora.xtec.cat\/ceip-ernest-lluch\/wp-content\/uploads\/usu939\/2022\/11\/25N.jpg 786w, https:\/\/agora.xtec.cat\/ceip-ernest-lluch\/wp-content\/uploads\/usu939\/2022\/11\/25N-300x300.jpg 300w, https:\/\/agora.xtec.cat\/ceip-ernest-lluch\/wp-content\/uploads\/usu939\/2022\/11\/25N-150x150.jpg 150w, https:\/\/agora.xtec.cat\/ceip-ernest-lluch\/wp-content\/uploads\/usu939\/2022\/11\/25N-768x771.jpg 768w\" sizes=\"auto, (max-width: 786px) 100vw, 786px\" \/><\/a><\/p>\n<p>Avui, 25 de novembre, commemorem el Dia Internacional per a l\u2019Eliminaci\u00f3 de la Viol\u00e8ncia vers les Dones. La viol\u00e8ncia masclista t\u00e9 moltes formes i l\u2019impacte en les seves vides dep\u00e8n, en gran mesura, de la garantia d\u2019acc\u00e9s a drets b\u00e0sics per a la seva reparaci\u00f3.<\/p>\n<p>De totes les formes de viol\u00e8ncia masclista, les viol\u00e8ncies sexuals s\u00f3n les m\u00e9s prevalents, les m\u00e9s invisibilitzades i les m\u00e9s naturalitzades. Tot aix\u00f2 fa de les viol\u00e8ncies sexuals un component central del patriarcat. No tenen a veure amb el sexe sin\u00f3 amb el poder. El poder de cosificar, d\u2019humiliar, de dominar, de disciplinar, de generar por i de restringir la llibertat de les nenes, les adolescents i les dones. El poder de crear l\u2019expectativa social que els homes han de prendre la iniciativa en el sexe i no aturar-se fins rebre una negativa directa. Fins i tot el poder d\u2019ignorar una negativa o de traspassar els l\u00edmits amb la insist\u00e8ncia.<\/p>\n<p>Tamb\u00e9 el poder de produir un sentiment de vergonya per haver patit una agressi\u00f3 sexual, el poder de responsabilitzar i culpabilitzar les v\u00edctimes\/supervivents (com anava vestida, qu\u00e8 havia consumit, en quin lloc estava, si anava sola&#8230;) en lloc d\u2019assenyalar l\u2019agressor com a \u00fanic responsable. O el poder de posar en dubte la intenci\u00f3 de les denunciants. I, de manera cabdal, el poder de crear un imaginari en qu\u00e8 les agressions les comet un desconegut a l\u2019espai p\u00fablic amb perfil psic\u00f2pata i depravat, malgrat que la major part de les agressions, especialment aquelles m\u00e9s greus, ocorren en espais considerats privats i els agressors m\u00e9s habituals no tenen un perfil concret. Les cometen amics, parelles, companys d\u2019estudis o de feina, ve\u00efns, familiars o referents propers.<\/p>\n<p>Els moviments feministes d\u2019arreu del m\u00f3n s\u2019han rebel\u00b7lat contra aquest poder patriarcal, han assenyalat les causes i les conseq\u00fc\u00e8ncies de les viol\u00e8ncies sexuals i n\u2019han identificat les diverses expressions en tots els \u00e0mbits en qu\u00e8 ocorren (familiar, de la parella, social o comunitari, laboral, educatiu, digital o pol\u00edtic). Tamb\u00e9 han denunciat la cultura de la violaci\u00f3 que normalitza i accepta la viol\u00e8ncia sexual envers les dones i han generat una onada de sororitat per recon\u00e8ixer la veu de les dones que denuncien i per acompanyar-les.<\/p>\n<p>Simult\u00e0niament, els feminismes han impulsat dos grans canvis. En primer lloc, han posat el consentiment al centre. La llibertat sexual inclou practicar sexe tan sovint com es vulgui i amb qui es vulgui, aix\u00ed com rebutjar fer-ho. Aix\u00f2 interpel\u00b7la tota la societat i especialment als homes, perqu\u00e8 es desprenguin dels estereotips i dels rols de g\u00e8nere en qu\u00e8 els socialitza el patriarcat, perqu\u00e8 aprenguin a identificar en ells mateixos i en el seu entorn d\u2019amistats, familiars i companys de feina o d\u2019oci totes aquelles actituds i conductes que legitimen, banalitzen o que directament constitueixen viol\u00e8ncia sexual.<\/p>\n<p>I, en segon lloc, els feminismes han exigit que es faci efectiva la dilig\u00e8ncia deguda dels poders p\u00fablics i que s\u2019erradiqui tota forma de viol\u00e8ncia institucional. Una responsabilitat que abasta tant les pol\u00edtiques de prevenci\u00f3 com les de reparaci\u00f3, les quals han d\u2019estar suficientment dotades de recursos econ\u00f2mics i requereixen la m\u00e0xima col\u00b7laboraci\u00f3 i cooperaci\u00f3 interinstitucional i intersectorial.<\/p>\n<p>Aquest \u00e9s el comprom\u00eds que refermem des de l\u2019\u00e0mbit educatiu. Un comprom\u00eds amb la garantia de tots els drets que es veuen vulnerats amb les viol\u00e8ncies sexuals: des del dret a la seguretat, al dret a la integritat f\u00edsica i psicol\u00f2gica, passant pel dret a la salut, el dret a l\u2019educaci\u00f3 o el dret a la participaci\u00f3 social i pol\u00edtica. En definitiva, un comprom\u00eds amb la llibertat dels infants, les adolescents i les dones que ens ha de fer tamb\u00e9 una societat m\u00e9s lliure.<\/p>\n<p>Des de la comunitat educativa, ens cal educar en relacions afectivosexuals sanes, ens cal visibilitzar una viol\u00e8ncia que fa molt mal per\u00f2 no sempre estem preparats ni preparades per recon\u00e8ixer, ens cal posar-hi nom i afrontar-la.<\/p>\n<p>Apostem per la coeducaci\u00f3 i per unes escoles lliures de viol\u00e8ncies.<\/p>\n<p><strong>#25n<\/strong><\/p>\n<p><strong>#lesescoleslliuresdeviolencies<\/strong><\/p>\n<p><strong>#coeducat<\/strong><\/p>\n<p>&nbsp;<\/p>\n<p>&nbsp;<\/p>\n<p style=\"text-align: center;\">\n","protected":false},"excerpt":{"rendered":"<p>Avui, 25 de novembre, commemorem el Dia Internacional per a l\u2019Eliminaci\u00f3 de la Viol\u00e8ncia vers les Dones. La viol\u00e8ncia masclista t\u00e9 moltes formes i l\u2019impacte en les seves vides dep\u00e8n, en gran mesura, de la garantia d\u2019acc\u00e9s a drets b\u00e0sics per a la seva reparaci\u00f3. De totes les formes de viol\u00e8ncia masclista, les viol\u00e8ncies sexuals [&hellip;]<\/p>\n","protected":false},"author":1,"featured_media":0,"comment_status":"open","ping_status":"closed","sticky":false,"template":"","format":"standard","meta":{"_bbp_topic_count":0,"_bbp_reply_count":0,"_bbp_total_topic_count":0,"_bbp_total_reply_count":0,"_bbp_voice_count":0,"_bbp_anonymous_reply_count":0,"_bbp_topic_count_hidden":0,"_bbp_reply_count_hidden":0,"_bbp_forum_subforum_count":0,"site-sidebar-layout":"default","site-content-layout":"","ast-site-content-layout":"","site-content-style":"default","site-sidebar-style":"default","ast-global-header-display":"","ast-banner-title-visibility":"","ast-main-header-display":"","ast-hfb-above-header-display":"","ast-hfb-below-header-display":"","ast-hfb-mobile-header-display":"","site-post-title":"","ast-breadcrumbs-content":"","ast-featured-img":"","footer-sml-layout":"","theme-transparent-header-meta":"","adv-header-id-meta":"","stick-header-meta":"","header-above-stick-meta":"","header-main-stick-meta":"","header-below-stick-meta":"","astra-migrate-meta-layouts":"default","ast-page-background-enabled":"default","ast-page-background-meta":{"desktop":{"background-color":"var(--ast-global-color-4)","background-image":"","background-repeat":"repeat","background-position":"center center","background-size":"auto","background-attachment":"scroll","background-type":"","background-media":"","overlay-type":"","overlay-color":"","overlay-opacity":"","overlay-gradient":""},"tablet":{"background-color":"","background-image":"","background-repeat":"repeat","background-position":"center center","background-size":"auto","background-attachment":"scroll","background-type":"","background-media":"","overlay-type":"","overlay-color":"","overlay-opacity":"","overlay-gradient":""},"mobile":{"background-color":"","background-image":"","background-repeat":"repeat","background-position":"center center","background-size":"auto","background-attachment":"scroll","background-type":"","background-media":"","overlay-type":"","overlay-color":"","overlay-opacity":"","overlay-gradient":""}},"ast-content-background-meta":{"desktop":{"background-color":"var(--ast-global-color-5)","background-image":"","background-repeat":"repeat","background-position":"center center","background-size":"auto","background-attachment":"scroll","background-type":"","background-media":"","overlay-type":"","overlay-color":"","overlay-opacity":"","overlay-gradient":""},"tablet":{"background-color":"var(--ast-global-color-5)","background-image":"","background-repeat":"repeat","background-position":"center center","background-size":"auto","background-attachment":"scroll","background-type":"","background-media":"","overlay-type":"","overlay-color":"","overlay-opacity":"","overlay-gradient":""},"mobile":{"background-color":"var(--ast-global-color-5)","background-image":"","background-repeat":"repeat","background-position":"center center","background-size":"auto","background-attachment":"scroll","background-type":"","background-media":"","overlay-type":"","overlay-color":"","overlay-opacity":"","overlay-gradient":""}},"footnotes":""},"categories":[7,5,2,1,4],"tags":[],"class_list":["post-2069","post","type-post","status-publish","format-standard","hentry","category-afa","category-primaria","category-ed-infantil","category-general","category-portada"],"post_mailing_queue_ids":[],"_links":{"self":[{"href":"https:\/\/agora.xtec.cat\/ceip-ernest-lluch\/wp-json\/wp\/v2\/posts\/2069","targetHints":{"allow":["GET"]}}],"collection":[{"href":"https:\/\/agora.xtec.cat\/ceip-ernest-lluch\/wp-json\/wp\/v2\/posts"}],"about":[{"href":"https:\/\/agora.xtec.cat\/ceip-ernest-lluch\/wp-json\/wp\/v2\/types\/post"}],"author":[{"embeddable":true,"href":"https:\/\/agora.xtec.cat\/ceip-ernest-lluch\/wp-json\/wp\/v2\/users\/1"}],"replies":[{"embeddable":true,"href":"https:\/\/agora.xtec.cat\/ceip-ernest-lluch\/wp-json\/wp\/v2\/comments?post=2069"}],"version-history":[{"count":1,"href":"https:\/\/agora.xtec.cat\/ceip-ernest-lluch\/wp-json\/wp\/v2\/posts\/2069\/revisions"}],"predecessor-version":[{"id":2071,"href":"https:\/\/agora.xtec.cat\/ceip-ernest-lluch\/wp-json\/wp\/v2\/posts\/2069\/revisions\/2071"}],"wp:attachment":[{"href":"https:\/\/agora.xtec.cat\/ceip-ernest-lluch\/wp-json\/wp\/v2\/media?parent=2069"}],"wp:term":[{"taxonomy":"category","embeddable":true,"href":"https:\/\/agora.xtec.cat\/ceip-ernest-lluch\/wp-json\/wp\/v2\/categories?post=2069"},{"taxonomy":"post_tag","embeddable":true,"href":"https:\/\/agora.xtec.cat\/ceip-ernest-lluch\/wp-json\/wp\/v2\/tags?post=2069"}],"curies":[{"name":"wp","href":"https:\/\/api.w.org\/{rel}","templated":true}]}}