{"id":1953,"date":"2022-03-02T10:14:35","date_gmt":"2022-03-02T09:14:35","guid":{"rendered":"https:\/\/agora.xtec.cat\/ceip-ernest-lluch\/?p=1953"},"modified":"2022-03-02T10:43:53","modified_gmt":"2022-03-02T09:43:53","slug":"recollida-de-material-solidari-pel-poble-ucraines","status":"publish","type":"post","link":"https:\/\/agora.xtec.cat\/ceip-ernest-lluch\/general\/recollida-de-material-solidari-pel-poble-ucraines\/","title":{"rendered":"RECOLLIDA DE MATERIAL SOLIDARI PEL POBLE UCRA\u00cfN\u00c8S"},"content":{"rendered":"<p><span style=\"font-family: Arial;\">Benvolgudes fam\u00edlies,<\/span><\/p>\n<p><span style=\"font-family: Arial;\">Ahir es va fer una concentraci\u00f3 davant de l&#8217;Ajuntament d&#8217;Abrera per condemnar la invasi\u00f3 militar a Ucra\u00efna i mostrar la solidaritat al poble ucra\u00efn\u00e8s i les seves institucions. A m\u00e9s a m\u00e9s, des de l&#8217;Ajuntament d&#8217;Abrera s&#8217;ha habilitat un espai municipal per recollir material necessari per al poble d&#8217;Ucra\u00efna, a les antigues depend\u00e8ncies de la Pol\u00edcia Local d&#8217;Abrera (Carrer Rosalia de Castro). Aqu\u00ed us deixem\u00a0<a href=\"https:\/\/www.ajuntamentabrera.cat\/pl195\/actualitat\/noticies\/id4452\/abrera-diu-no-a-la-guerra-condemnem-la-invasio-militar-a-ucraina-i-mostrem-la-nostra-solidaritat-amb-el-poble-ucraines-i-les-seves-institucions.htm\" target=\"_blank\" rel=\"noreferrer noopener\">l&#8217;enlla\u00e7\u00a0<\/a>a la not\u00edcia completa.<\/span><\/p>\n<p><span style=\"font-family: Arial;\">Des de l&#8217;escola ens unim a aquesta iniciativa i\u00a0<b><u>us demanem que porteu a l&#8217;entrada de l&#8217;escola el material per al poble d&#8217;Ucra\u00efna fins el 7 de mar\u00e7\u00a0<\/u><\/b>per tal de poder-ho portar tot a l&#8217;espai habilitat. Tamb\u00e9 ho podeu portar directament a les antigues depend\u00e8ncies de la Pol\u00edcia Local d&#8217;Abrera.<\/span><\/p>\n<p style=\"text-align: center;\"><a href=\"https:\/\/agora.xtec.cat\/ceip-ernest-lluch\/wp-content\/uploads\/usu939\/2022\/03\/RECOLLIDA-MATERIAL.png\"><img loading=\"lazy\" decoding=\"async\" class=\"aligncenter size-medium wp-image-1954\" src=\"https:\/\/agora.xtec.cat\/ceip-ernest-lluch\/wp-content\/uploads\/usu939\/2022\/03\/RECOLLIDA-MATERIAL-300x300.png\" alt=\"\" width=\"300\" height=\"300\" srcset=\"https:\/\/agora.xtec.cat\/ceip-ernest-lluch\/wp-content\/uploads\/usu939\/2022\/03\/RECOLLIDA-MATERIAL-300x300.png 300w, https:\/\/agora.xtec.cat\/ceip-ernest-lluch\/wp-content\/uploads\/usu939\/2022\/03\/RECOLLIDA-MATERIAL-1024x1024.png 1024w, https:\/\/agora.xtec.cat\/ceip-ernest-lluch\/wp-content\/uploads\/usu939\/2022\/03\/RECOLLIDA-MATERIAL-150x150.png 150w, https:\/\/agora.xtec.cat\/ceip-ernest-lluch\/wp-content\/uploads\/usu939\/2022\/03\/RECOLLIDA-MATERIAL-768x768.png 768w, https:\/\/agora.xtec.cat\/ceip-ernest-lluch\/wp-content\/uploads\/usu939\/2022\/03\/RECOLLIDA-MATERIAL.png 1080w\" sizes=\"auto, (max-width: 300px) 100vw, 300px\" \/><\/a><\/p>\n<p class=\"left\"><span class=\"_7UhW9 xLCgt MMzan KV-D4 se6yk T0kll\"><span style=\"font-family: Arial;\">El consolat d&#8217;Ucra\u00efna a Barcelona ens ha fet arribar el\u00a0<strong>llistat de material<\/strong>\u00a0que es necessita recollir en aquests moments per la poblaci\u00f3 civil:<br \/>\n<\/span><\/span><\/p>\n<p>&nbsp;<\/p>\n<ul>\n<li><strong><span style=\"font-family: Arial;\"><u>Menjar<\/u><\/span><\/strong>\n<ul>\n<li><span class=\"_7UhW9 xLCgt MMzan KV-D4 se6yk T0kll\"><span style=\"font-family: Arial;\">El m\u00e9s important s\u00f3n\u00a0<strong>conserves en llauna<\/strong> (mongetes, mandonguilles, tonyina, sardines, etc\u2026) Qualsevol menjar, preparat envasat en llauna o similar\u00a0<strong>(NO recipients de vidre)<\/strong><\/span><\/span><\/li>\n<li><span class=\"_7UhW9 xLCgt MMzan KV-D4 se6yk T0kll\"><span style=\"font-family: Arial;\">Fruits secs<\/span><\/span><\/li>\n<li><span class=\"_7UhW9 xLCgt MMzan KV-D4 se6yk T0kll\"><span style=\"font-family: Arial;\">Xocolata sense llet<\/span><\/span><\/li>\n<li><span class=\"_7UhW9 xLCgt MMzan KV-D4 se6yk T0kll\"><span style=\"font-family: Arial;\">Barretes energ\u00e8tiques<\/span><\/span><\/li>\n<li><span class=\"_7UhW9 xLCgt MMzan KV-D4 se6yk T0kll\"><span style=\"font-family: Arial;\">Galetes<\/span><\/span><\/li>\n<li><span class=\"_7UhW9 xLCgt MMzan KV-D4 se6yk T0kll\"><span class=\"_7UhW9 xLCgt MMzan KV-D4 se6yk T0kll\"><span style=\"font-family: Arial;\">Te i caf\u00e8<\/span><\/span><\/span><\/li>\n<\/ul>\n<\/li>\n<li><span style=\"text-decoration: underline;\"><strong>Medicaments de primers auxilis<\/strong><\/span><\/li>\n<li><span class=\"_7UhW9 xLCgt MMzan KV-D4 se6yk T0kll\"><span style=\"font-family: Arial;\"><strong><u>Altres articles<\/u><\/strong><br \/>\n<\/span><\/span><\/p>\n<ul>\n<li><span class=\"_7UhW9 xLCgt MMzan KV-D4 se6yk T0kll\"><span style=\"font-family: Arial;\">Sacs de dormir<\/span><\/span><\/li>\n<li><span class=\"_7UhW9 xLCgt MMzan KV-D4 se6yk T0kll\"><span style=\"font-family: Arial;\">Matalassos\/ Matalassos\/inflables\/Llits plegables<\/span><\/span><\/li>\n<li><span class=\"_7UhW9 xLCgt MMzan KV-D4 se6yk T0kll\"><span style=\"font-family: Arial;\">Mantes<\/span><\/span><\/li>\n<li><span class=\"_7UhW9 xLCgt MMzan KV-D4 se6yk T0kll\"><span style=\"font-family: Arial;\">Coixins<\/span><\/span><\/li>\n<li><span class=\"_7UhW9 xLCgt MMzan KV-D4 se6yk T0kll\"><span style=\"font-family: Arial;\">Tovalloles<\/span><\/span><\/li>\n<li><span class=\"_7UhW9 xLCgt MMzan KV-D4 se6yk T0kll\"><span style=\"font-family: Arial;\">Roba de llit<\/span><\/span><\/li>\n<li><span class=\"_7UhW9 xLCgt MMzan KV-D4 se6yk T0kll\"><span style=\"font-family: Arial;\">Escalfadors<\/span><\/span><\/li>\n<li><span class=\"_7UhW9 xLCgt MMzan KV-D4 se6yk T0kll\"><span style=\"font-family: Arial;\">Generadors de tot tipus (+ combustible)<\/span><\/span><\/li>\n<li><span class=\"_7UhW9 xLCgt MMzan KV-D4 se6yk T0kll\"><span style=\"font-family: Arial;\">Piles<\/span><\/span><\/li>\n<li><span class=\"_7UhW9 xLCgt MMzan KV-D4 se6yk T0kll\"><span style=\"font-family: Arial;\">Bancs d&#8217;energia<\/span><\/span><\/li>\n<li><span class=\"_7UhW9 xLCgt MMzan KV-D4 se6yk T0kll\"><span style=\"font-family: Arial;\">Auriculars actius<\/span><\/span><\/li>\n<li><span class=\"_7UhW9 xLCgt MMzan KV-D4 se6yk T0kll\"><span style=\"font-family: Arial;\">Llums de queros\u00e8, llanternes<\/span><\/span><\/li>\n<li><span class=\"_7UhW9 xLCgt MMzan KV-D4 se6yk T0kll\"><span style=\"font-family: Arial;\">Teteres el\u00e8ctriques<\/span><\/span><\/li>\n<li><span class=\"_7UhW9 xLCgt MMzan KV-D4 se6yk T0kll\"><span style=\"font-family: Arial;\">Dip\u00f2sits per a emmagatzematge d&#8217;aigua potable i t\u00e8cnica<\/span><\/span><\/li>\n<li><span class=\"_7UhW9 xLCgt MMzan KV-D4 se6yk T0kll\"><span style=\"font-family: Arial;\">Allargadors el\u00e8ctrics<\/span><\/span><\/li>\n<li><span class=\"_7UhW9 xLCgt MMzan KV-D4 se6yk T0kll\"><span style=\"font-family: Arial;\">Detergents i productes d&#8217;higiene personal<\/span><\/span><\/li>\n<li><span class=\"_7UhW9 xLCgt MMzan KV-D4 se6yk T0kll\"><span style=\"font-family: Arial;\">Kits d&#8217;higiene<\/span><\/span><\/li>\n<li><span class=\"_7UhW9 xLCgt MMzan KV-D4 se6yk T0kll\"><span style=\"font-family: Arial;\">Sab\u00f3<\/span><\/span><\/li>\n<li><span class=\"_7UhW9 xLCgt MMzan KV-D4 se6yk T0kll\"><span style=\"font-family: Arial;\">M\u00e0quines d&#8217;afaitar<\/span><\/span><\/li>\n<li><span class=\"_7UhW9 xLCgt MMzan KV-D4 se6yk T0kll\"><span style=\"font-family: Arial;\">Tovallons humits<\/span><\/span><\/li>\n<li><span class=\"_7UhW9 xLCgt MMzan KV-D4 se6yk T0kll\"><span style=\"font-family: Arial;\">Pasta dentifrica (per a adults i nens)<\/span><\/span><\/li>\n<li><span class=\"_7UhW9 xLCgt MMzan KV-D4 se6yk T0kll\"><span style=\"font-family: Arial;\">Raspalls de dents<\/span><\/span><\/li>\n<li><span class=\"_7UhW9 xLCgt MMzan KV-D4 se6yk T0kll\"><span style=\"font-family: Arial;\">Paper de cuina<\/span><\/span><\/li>\n<li><span class=\"_7UhW9 xLCgt MMzan KV-D4 se6yk T0kll\"><span style=\"font-family: Arial;\">Vaixella de metall<\/span><\/span><\/li>\n<li><span class=\"_7UhW9 xLCgt MMzan KV-D4 se6yk T0kll\"><span style=\"font-family: Arial;\">Vaixella d&#8217;un sol \u00fas (plats, culleres, ganivets, gots)<\/span><\/span><\/li>\n<li><span class=\"_7UhW9 xLCgt MMzan KV-D4 se6yk T0kll\"><span style=\"font-family: Arial;\">Cascos de Kevlar<\/span><\/span><\/li>\n<\/ul>\n<\/li>\n<\/ul>\n","protected":false},"excerpt":{"rendered":"<p>Benvolgudes fam\u00edlies, Ahir es va fer una concentraci\u00f3 davant de l&#8217;Ajuntament d&#8217;Abrera per condemnar la invasi\u00f3 militar a Ucra\u00efna i mostrar la solidaritat al poble ucra\u00efn\u00e8s i les seves institucions. A m\u00e9s a m\u00e9s, des de l&#8217;Ajuntament d&#8217;Abrera s&#8217;ha habilitat un espai municipal per recollir material necessari per al poble d&#8217;Ucra\u00efna, a les antigues depend\u00e8ncies [&hellip;]<\/p>\n","protected":false},"author":1,"featured_media":0,"comment_status":"open","ping_status":"closed","sticky":false,"template":"","format":"standard","meta":{"_bbp_topic_count":0,"_bbp_reply_count":0,"_bbp_total_topic_count":0,"_bbp_total_reply_count":0,"_bbp_voice_count":0,"_bbp_anonymous_reply_count":0,"_bbp_topic_count_hidden":0,"_bbp_reply_count_hidden":0,"_bbp_forum_subforum_count":0,"site-sidebar-layout":"default","site-content-layout":"","ast-site-content-layout":"","site-content-style":"default","site-sidebar-style":"default","ast-global-header-display":"","ast-banner-title-visibility":"","ast-main-header-display":"","ast-hfb-above-header-display":"","ast-hfb-below-header-display":"","ast-hfb-mobile-header-display":"","site-post-title":"","ast-breadcrumbs-content":"","ast-featured-img":"","footer-sml-layout":"","theme-transparent-header-meta":"","adv-header-id-meta":"","stick-header-meta":"","header-above-stick-meta":"","header-main-stick-meta":"","header-below-stick-meta":"","astra-migrate-meta-layouts":"default","ast-page-background-enabled":"default","ast-page-background-meta":{"desktop":{"background-color":"var(--ast-global-color-4)","background-image":"","background-repeat":"repeat","background-position":"center center","background-size":"auto","background-attachment":"scroll","background-type":"","background-media":"","overlay-type":"","overlay-color":"","overlay-opacity":"","overlay-gradient":""},"tablet":{"background-color":"","background-image":"","background-repeat":"repeat","background-position":"center center","background-size":"auto","background-attachment":"scroll","background-type":"","background-media":"","overlay-type":"","overlay-color":"","overlay-opacity":"","overlay-gradient":""},"mobile":{"background-color":"","background-image":"","background-repeat":"repeat","background-position":"center center","background-size":"auto","background-attachment":"scroll","background-type":"","background-media":"","overlay-type":"","overlay-color":"","overlay-opacity":"","overlay-gradient":""}},"ast-content-background-meta":{"desktop":{"background-color":"var(--ast-global-color-5)","background-image":"","background-repeat":"repeat","background-position":"center center","background-size":"auto","background-attachment":"scroll","background-type":"","background-media":"","overlay-type":"","overlay-color":"","overlay-opacity":"","overlay-gradient":""},"tablet":{"background-color":"var(--ast-global-color-5)","background-image":"","background-repeat":"repeat","background-position":"center center","background-size":"auto","background-attachment":"scroll","background-type":"","background-media":"","overlay-type":"","overlay-color":"","overlay-opacity":"","overlay-gradient":""},"mobile":{"background-color":"var(--ast-global-color-5)","background-image":"","background-repeat":"repeat","background-position":"center center","background-size":"auto","background-attachment":"scroll","background-type":"","background-media":"","overlay-type":"","overlay-color":"","overlay-opacity":"","overlay-gradient":""}},"footnotes":""},"categories":[10,11,12,13,14,15,7,5,2,1,3,8,9,4],"tags":[],"class_list":["post-1953","post","type-post","status-publish","format-standard","hentry","category-1r","category-2n","category-3r","category-4t","category-5e","category-6e","category-afa","category-primaria","category-ed-infantil","category-general","category-p3","category-p4","category-p5","category-portada"],"post_mailing_queue_ids":[],"_links":{"self":[{"href":"https:\/\/agora.xtec.cat\/ceip-ernest-lluch\/wp-json\/wp\/v2\/posts\/1953","targetHints":{"allow":["GET"]}}],"collection":[{"href":"https:\/\/agora.xtec.cat\/ceip-ernest-lluch\/wp-json\/wp\/v2\/posts"}],"about":[{"href":"https:\/\/agora.xtec.cat\/ceip-ernest-lluch\/wp-json\/wp\/v2\/types\/post"}],"author":[{"embeddable":true,"href":"https:\/\/agora.xtec.cat\/ceip-ernest-lluch\/wp-json\/wp\/v2\/users\/1"}],"replies":[{"embeddable":true,"href":"https:\/\/agora.xtec.cat\/ceip-ernest-lluch\/wp-json\/wp\/v2\/comments?post=1953"}],"version-history":[{"count":3,"href":"https:\/\/agora.xtec.cat\/ceip-ernest-lluch\/wp-json\/wp\/v2\/posts\/1953\/revisions"}],"predecessor-version":[{"id":1957,"href":"https:\/\/agora.xtec.cat\/ceip-ernest-lluch\/wp-json\/wp\/v2\/posts\/1953\/revisions\/1957"}],"wp:attachment":[{"href":"https:\/\/agora.xtec.cat\/ceip-ernest-lluch\/wp-json\/wp\/v2\/media?parent=1953"}],"wp:term":[{"taxonomy":"category","embeddable":true,"href":"https:\/\/agora.xtec.cat\/ceip-ernest-lluch\/wp-json\/wp\/v2\/categories?post=1953"},{"taxonomy":"post_tag","embeddable":true,"href":"https:\/\/agora.xtec.cat\/ceip-ernest-lluch\/wp-json\/wp\/v2\/tags?post=1953"}],"curies":[{"name":"wp","href":"https:\/\/api.w.org\/{rel}","templated":true}]}}