{"id":1902,"date":"2022-02-11T09:26:02","date_gmt":"2022-02-11T08:26:02","guid":{"rendered":"https:\/\/agora.xtec.cat\/ceip-ernest-lluch\/?p=1902"},"modified":"2022-02-11T16:12:09","modified_gmt":"2022-02-11T15:12:09","slug":"jornada-de-portes-obertes-virtuals","status":"publish","type":"post","link":"https:\/\/agora.xtec.cat\/ceip-ernest-lluch\/general\/jornada-de-portes-obertes-virtuals\/","title":{"rendered":"JORNADA DE PORTES OBERTES VIRTUALS"},"content":{"rendered":"<p><span style=\"font-weight: 400;\">Aquest any la jornada de portes obertes tornar\u00e0 a tenir un format virtual a trav\u00e9s de 2 trobades virtuals per Google Meet i que tindr\u00e0 un aforament limitat a 25 fam\u00edlies com a m\u00e0xim per tal de poder-vos atendre correctament i resoldre els possibles dubtes. Paral.lelament anirem penjant al web i a les xarxes socials @elluchabrera documentaci\u00f3 visual per qu\u00e8 us pugueu endinsar en el dia a dia a l&#8217;escola.<\/span><\/p>\n<p><span style=\"font-weight: 400;\">Hem acordat aquest format amb la resta d\u2019escoles d&#8217;Abrera ateses les circumst\u00e0ncies actuals derivades de la pand\u00e8mia:<\/span><\/p>\n<p style=\"text-align: center;\"><span style=\"font-weight: 400;\">Tenim un pla d\u2019organitzaci\u00f3 que no permet fer trobades presencials al centre i no estem deixant entrar a les fam\u00edlies a no ser que sigui essencial.<\/span><\/p>\n<p style=\"text-align: center;\"><span style=\"font-weight: 400;\">Volem garantir les m\u00e0ximes mesures de seguretat enfront de la Covid.<\/span><\/p>\n<p><span style=\"font-weight: 400;\">En el cas de l&#8217;Escola Ernest Lluch les dates de les <\/span><b>portes obertes virtuals<\/b><span style=\"font-weight: 400;\"> s\u00f3n les seg\u00fcents:<\/span><\/p>\n<ul>\n<li style=\"font-weight: 400;\" aria-level=\"1\"><span style=\"font-weight: 400;\">Dimecres, 23 de febrer a les 15.10h<\/span><\/li>\n<li style=\"font-weight: 400;\" aria-level=\"1\"><span style=\"font-weight: 400;\">Dijous, 24 de febrer a les 11h<\/span><\/li>\n<\/ul>\n<p><span style=\"font-weight: 400;\">Per tal de fer la inscripci\u00f3 a les portes obertes virtuals, cal que envieu un correu a l&#8217;escola (a8059822@xtec.cat), truqueu a l&#8217;escola (937701213) o ompliu el seg\u00fcent <a href=\"https:\/\/forms.gle\/6auyc1UoNHtMW1A19\">formulari.<\/a><\/span><\/p>\n<p style=\"text-align: center;\"><a href=\"https:\/\/agora.xtec.cat\/ceip-ernest-lluch\/wp-content\/uploads\/usu939\/2022\/02\/portesobertes.png\"><img loading=\"lazy\" decoding=\"async\" class=\"aligncenter size-medium wp-image-1913\" src=\"https:\/\/agora.xtec.cat\/ceip-ernest-lluch\/wp-content\/uploads\/usu939\/2022\/02\/portesobertes-300x300.png\" alt=\"\" width=\"300\" height=\"300\" srcset=\"https:\/\/agora.xtec.cat\/ceip-ernest-lluch\/wp-content\/uploads\/usu939\/2022\/02\/portesobertes-300x300.png 300w, https:\/\/agora.xtec.cat\/ceip-ernest-lluch\/wp-content\/uploads\/usu939\/2022\/02\/portesobertes-1024x1024.png 1024w, https:\/\/agora.xtec.cat\/ceip-ernest-lluch\/wp-content\/uploads\/usu939\/2022\/02\/portesobertes-150x150.png 150w, https:\/\/agora.xtec.cat\/ceip-ernest-lluch\/wp-content\/uploads\/usu939\/2022\/02\/portesobertes-768x768.png 768w, https:\/\/agora.xtec.cat\/ceip-ernest-lluch\/wp-content\/uploads\/usu939\/2022\/02\/portesobertes-1536x1536.png 1536w, https:\/\/agora.xtec.cat\/ceip-ernest-lluch\/wp-content\/uploads\/usu939\/2022\/02\/portesobertes.png 1620w\" sizes=\"auto, (max-width: 300px) 100vw, 300px\" \/><\/a><\/p>\n<p style=\"text-align: center;\"><iframe loading=\"lazy\" title=\"YouTube video player\" src=\"https:\/\/www.youtube.com\/embed\/jTQuYO7G-qY\" width=\"560\" height=\"315\" frameborder=\"0\" allowfullscreen=\"allowfullscreen\"><\/iframe><\/p>\n","protected":false},"excerpt":{"rendered":"<p>Aquest any la jornada de portes obertes tornar\u00e0 a tenir un format virtual a trav\u00e9s de 2 trobades virtuals per Google Meet i que tindr\u00e0 un aforament limitat a 25 fam\u00edlies com a m\u00e0xim per tal de poder-vos atendre correctament i resoldre els possibles dubtes. Paral.lelament anirem penjant al web i a les xarxes socials [&hellip;]<\/p>\n","protected":false},"author":1,"featured_media":0,"comment_status":"open","ping_status":"closed","sticky":false,"template":"","format":"standard","meta":{"_bbp_topic_count":0,"_bbp_reply_count":0,"_bbp_total_topic_count":0,"_bbp_total_reply_count":0,"_bbp_voice_count":0,"_bbp_anonymous_reply_count":0,"_bbp_topic_count_hidden":0,"_bbp_reply_count_hidden":0,"_bbp_forum_subforum_count":0,"site-sidebar-layout":"default","site-content-layout":"","ast-site-content-layout":"","site-content-style":"default","site-sidebar-style":"default","ast-global-header-display":"","ast-banner-title-visibility":"","ast-main-header-display":"","ast-hfb-above-header-display":"","ast-hfb-below-header-display":"","ast-hfb-mobile-header-display":"","site-post-title":"","ast-breadcrumbs-content":"","ast-featured-img":"","footer-sml-layout":"","theme-transparent-header-meta":"","adv-header-id-meta":"","stick-header-meta":"","header-above-stick-meta":"","header-main-stick-meta":"","header-below-stick-meta":"","astra-migrate-meta-layouts":"default","ast-page-background-enabled":"default","ast-page-background-meta":{"desktop":{"background-color":"var(--ast-global-color-4)","background-image":"","background-repeat":"repeat","background-position":"center center","background-size":"auto","background-attachment":"scroll","background-type":"","background-media":"","overlay-type":"","overlay-color":"","overlay-opacity":"","overlay-gradient":""},"tablet":{"background-color":"","background-image":"","background-repeat":"repeat","background-position":"center center","background-size":"auto","background-attachment":"scroll","background-type":"","background-media":"","overlay-type":"","overlay-color":"","overlay-opacity":"","overlay-gradient":""},"mobile":{"background-color":"","background-image":"","background-repeat":"repeat","background-position":"center center","background-size":"auto","background-attachment":"scroll","background-type":"","background-media":"","overlay-type":"","overlay-color":"","overlay-opacity":"","overlay-gradient":""}},"ast-content-background-meta":{"desktop":{"background-color":"var(--ast-global-color-5)","background-image":"","background-repeat":"repeat","background-position":"center center","background-size":"auto","background-attachment":"scroll","background-type":"","background-media":"","overlay-type":"","overlay-color":"","overlay-opacity":"","overlay-gradient":""},"tablet":{"background-color":"var(--ast-global-color-5)","background-image":"","background-repeat":"repeat","background-position":"center center","background-size":"auto","background-attachment":"scroll","background-type":"","background-media":"","overlay-type":"","overlay-color":"","overlay-opacity":"","overlay-gradient":""},"mobile":{"background-color":"var(--ast-global-color-5)","background-image":"","background-repeat":"repeat","background-position":"center center","background-size":"auto","background-attachment":"scroll","background-type":"","background-media":"","overlay-type":"","overlay-color":"","overlay-opacity":"","overlay-gradient":""}},"footnotes":""},"categories":[7,5,2,1,4,62],"tags":[],"class_list":["post-1902","post","type-post","status-publish","format-standard","hentry","category-afa","category-primaria","category-ed-infantil","category-general","category-portada","category-preinscripcio2526"],"post_mailing_queue_ids":[],"_links":{"self":[{"href":"https:\/\/agora.xtec.cat\/ceip-ernest-lluch\/wp-json\/wp\/v2\/posts\/1902","targetHints":{"allow":["GET"]}}],"collection":[{"href":"https:\/\/agora.xtec.cat\/ceip-ernest-lluch\/wp-json\/wp\/v2\/posts"}],"about":[{"href":"https:\/\/agora.xtec.cat\/ceip-ernest-lluch\/wp-json\/wp\/v2\/types\/post"}],"author":[{"embeddable":true,"href":"https:\/\/agora.xtec.cat\/ceip-ernest-lluch\/wp-json\/wp\/v2\/users\/1"}],"replies":[{"embeddable":true,"href":"https:\/\/agora.xtec.cat\/ceip-ernest-lluch\/wp-json\/wp\/v2\/comments?post=1902"}],"version-history":[{"count":3,"href":"https:\/\/agora.xtec.cat\/ceip-ernest-lluch\/wp-json\/wp\/v2\/posts\/1902\/revisions"}],"predecessor-version":[{"id":1914,"href":"https:\/\/agora.xtec.cat\/ceip-ernest-lluch\/wp-json\/wp\/v2\/posts\/1902\/revisions\/1914"}],"wp:attachment":[{"href":"https:\/\/agora.xtec.cat\/ceip-ernest-lluch\/wp-json\/wp\/v2\/media?parent=1902"}],"wp:term":[{"taxonomy":"category","embeddable":true,"href":"https:\/\/agora.xtec.cat\/ceip-ernest-lluch\/wp-json\/wp\/v2\/categories?post=1902"},{"taxonomy":"post_tag","embeddable":true,"href":"https:\/\/agora.xtec.cat\/ceip-ernest-lluch\/wp-json\/wp\/v2\/tags?post=1902"}],"curies":[{"name":"wp","href":"https:\/\/api.w.org\/{rel}","templated":true}]}}