{"id":1895,"date":"2022-01-27T10:11:11","date_gmt":"2022-01-27T09:11:11","guid":{"rendered":"https:\/\/agora.xtec.cat\/ceip-ernest-lluch\/?p=1895"},"modified":"2022-01-27T09:12:02","modified_gmt":"2022-01-27T08:12:02","slug":"execucio-obres-pati","status":"publish","type":"post","link":"https:\/\/agora.xtec.cat\/ceip-ernest-lluch\/ed-infantil\/execucio-obres-pati\/","title":{"rendered":"EXECUCI\u00d3 OBRES PATI"},"content":{"rendered":"<p>Finalment ha arribat el moment que tant hem desitjat: l&#8217;execuci\u00f3 de les obres al pati dins del projecte &#8220;ESPAIS ECO-VERDS&#8221;. L&#8217;execuci\u00f3 de les obres tindr\u00e0 una durada aproximada de 15 dies a partir del 31 de gener i ara us informem d&#8217;alguns aspectes:<\/p>\n<p>1-Dissabte, 29 de gener del 2022 vindr\u00e0 l&#8217;empresa que executa les obres a perimetrar amb tanques l&#8217;espai de sorra dels dos patis de l&#8217;escola.<\/p>\n<p>2-L&#8217;entrada i sortida dels alumnes de P3 i P4A ser\u00e0 per la porta gran d&#8217;acc\u00e9s a l&#8217;edifici principal i la porta petita que d\u00f3na acc\u00e9s al pati dels petits. Hi haur\u00e0 menys espai de circulaci\u00f3 i aix\u00f2 pot afectar a qu\u00e8 les entrades i les sortides siguin una mica m\u00e9s lentes.<\/p>\n<p>3-L&#8217;entrada i sortida dels alumnes de P4B i P5 ser\u00e0 per la mateixa porta per\u00f2 l&#8217;espai per anar fins les aules ser\u00e0 m\u00e9s estret.<\/p>\n<p>4-L&#8217;entrada i sortida de la comunitat de mitjans i grans no es veur\u00e0 afectada.<\/p>\n<p>5-L&#8217;escola modificar\u00e0 els espais del pati perqu\u00e8 no podr\u00e0 fer \u00fas dels espais de sorra.<\/p>\n<p>Estem molt il.lusionats que finalment la nostra proposta dels pressupostos del 2020 ja es pugui fer realitat!!!<\/p>\n<p>Restem a la vostra disposici\u00f3 davant qualsevol dubte.<\/p>\n<p>Cordialment,<\/p>\n<p>L&#8217;ESCOLA<\/p>\n","protected":false},"excerpt":{"rendered":"<p>Finalment ha arribat el moment que tant hem desitjat: l&#8217;execuci\u00f3 de les obres al pati dins del projecte &#8220;ESPAIS ECO-VERDS&#8221;. L&#8217;execuci\u00f3 de les obres tindr\u00e0 una durada aproximada de 15 dies a partir del 31 de gener i ara us informem d&#8217;alguns aspectes: 1-Dissabte, 29 de gener del 2022 vindr\u00e0 l&#8217;empresa que executa les obres [&hellip;]<\/p>\n","protected":false},"author":1,"featured_media":0,"comment_status":"open","ping_status":"closed","sticky":false,"template":"","format":"standard","meta":{"_bbp_topic_count":0,"_bbp_reply_count":0,"_bbp_total_topic_count":0,"_bbp_total_reply_count":0,"_bbp_voice_count":0,"_bbp_anonymous_reply_count":0,"_bbp_topic_count_hidden":0,"_bbp_reply_count_hidden":0,"_bbp_forum_subforum_count":0,"site-sidebar-layout":"default","site-content-layout":"","ast-site-content-layout":"","site-content-style":"default","site-sidebar-style":"default","ast-global-header-display":"","ast-banner-title-visibility":"","ast-main-header-display":"","ast-hfb-above-header-display":"","ast-hfb-below-header-display":"","ast-hfb-mobile-header-display":"","site-post-title":"","ast-breadcrumbs-content":"","ast-featured-img":"","footer-sml-layout":"","theme-transparent-header-meta":"","adv-header-id-meta":"","stick-header-meta":"","header-above-stick-meta":"","header-main-stick-meta":"","header-below-stick-meta":"","astra-migrate-meta-layouts":"default","ast-page-background-enabled":"default","ast-page-background-meta":{"desktop":{"background-color":"var(--ast-global-color-4)","background-image":"","background-repeat":"repeat","background-position":"center center","background-size":"auto","background-attachment":"scroll","background-type":"","background-media":"","overlay-type":"","overlay-color":"","overlay-opacity":"","overlay-gradient":""},"tablet":{"background-color":"","background-image":"","background-repeat":"repeat","background-position":"center center","background-size":"auto","background-attachment":"scroll","background-type":"","background-media":"","overlay-type":"","overlay-color":"","overlay-opacity":"","overlay-gradient":""},"mobile":{"background-color":"","background-image":"","background-repeat":"repeat","background-position":"center center","background-size":"auto","background-attachment":"scroll","background-type":"","background-media":"","overlay-type":"","overlay-color":"","overlay-opacity":"","overlay-gradient":""}},"ast-content-background-meta":{"desktop":{"background-color":"var(--ast-global-color-5)","background-image":"","background-repeat":"repeat","background-position":"center center","background-size":"auto","background-attachment":"scroll","background-type":"","background-media":"","overlay-type":"","overlay-color":"","overlay-opacity":"","overlay-gradient":""},"tablet":{"background-color":"var(--ast-global-color-5)","background-image":"","background-repeat":"repeat","background-position":"center center","background-size":"auto","background-attachment":"scroll","background-type":"","background-media":"","overlay-type":"","overlay-color":"","overlay-opacity":"","overlay-gradient":""},"mobile":{"background-color":"var(--ast-global-color-5)","background-image":"","background-repeat":"repeat","background-position":"center center","background-size":"auto","background-attachment":"scroll","background-type":"","background-media":"","overlay-type":"","overlay-color":"","overlay-opacity":"","overlay-gradient":""}},"footnotes":""},"categories":[7,5,2,4],"tags":[],"class_list":["post-1895","post","type-post","status-publish","format-standard","hentry","category-afa","category-primaria","category-ed-infantil","category-portada"],"post_mailing_queue_ids":[],"_links":{"self":[{"href":"https:\/\/agora.xtec.cat\/ceip-ernest-lluch\/wp-json\/wp\/v2\/posts\/1895","targetHints":{"allow":["GET"]}}],"collection":[{"href":"https:\/\/agora.xtec.cat\/ceip-ernest-lluch\/wp-json\/wp\/v2\/posts"}],"about":[{"href":"https:\/\/agora.xtec.cat\/ceip-ernest-lluch\/wp-json\/wp\/v2\/types\/post"}],"author":[{"embeddable":true,"href":"https:\/\/agora.xtec.cat\/ceip-ernest-lluch\/wp-json\/wp\/v2\/users\/1"}],"replies":[{"embeddable":true,"href":"https:\/\/agora.xtec.cat\/ceip-ernest-lluch\/wp-json\/wp\/v2\/comments?post=1895"}],"version-history":[{"count":1,"href":"https:\/\/agora.xtec.cat\/ceip-ernest-lluch\/wp-json\/wp\/v2\/posts\/1895\/revisions"}],"predecessor-version":[{"id":1896,"href":"https:\/\/agora.xtec.cat\/ceip-ernest-lluch\/wp-json\/wp\/v2\/posts\/1895\/revisions\/1896"}],"wp:attachment":[{"href":"https:\/\/agora.xtec.cat\/ceip-ernest-lluch\/wp-json\/wp\/v2\/media?parent=1895"}],"wp:term":[{"taxonomy":"category","embeddable":true,"href":"https:\/\/agora.xtec.cat\/ceip-ernest-lluch\/wp-json\/wp\/v2\/categories?post=1895"},{"taxonomy":"post_tag","embeddable":true,"href":"https:\/\/agora.xtec.cat\/ceip-ernest-lluch\/wp-json\/wp\/v2\/tags?post=1895"}],"curies":[{"name":"wp","href":"https:\/\/api.w.org\/{rel}","templated":true}]}}